{"id":1290,"date":"2022-12-17T11:30:00","date_gmt":"2022-12-17T10:30:00","guid":{"rendered":"https:\/\/lleidaesportiu.futbol\/?p=1290"},"modified":"2023-02-04T17:51:45","modified_gmt":"2023-02-04T16:51:45","slug":"el-partit-de-les-estrelles-reunira-una-cinquantena-de-periodistes-empresaris-autoritats-exjugadors-directius-i-treballadors-del-club-blau","status":"publish","type":"post","link":"https:\/\/lleidacf.cat\/es\/el-partit-de-les-estrelles-reunira-una-cinquantena-de-periodistes-empresaris-autoritats-exjugadors-directius-i-treballadors-del-club-blau\/","title":{"rendered":"El &#039;Partido de las Estrellas&#039; reunir\u00e1 a una cincuentena de periodistas, empresarios, autoridades, ex jugadores, directivos y trabajadores del club azul."},"content":{"rendered":"<p>Lo jugar\u00e1n en el Camp d&#039;Esports el pr\u00f3ximo martes 20 de diciembre a las 12 horas y est\u00e1 abierto al p\u00fablico. <\/p>\n\n\n\n<p>La cita tiene un car\u00e1cter l\u00fadico y quiere continuar <strong>reforzando los lazos entre la ciudad y el club<\/strong>. Gente vinculada a los sectores period\u00edstico y empresarial as\u00ed como los representantes de las diferentes instituciones y administraciones y tambi\u00e9n ex jugadores han sido invitados a participar en esta oportunidad de disfrutar de la pr\u00e1ctica futbol\u00edstica en un escenario incomparable como es el del Camp d&#039;Esports.<\/p>\n\n\n\n<p>La <strong>cincuentena de personas<\/strong> que se ha logrado reunir se dividir\u00e1n en dos equipos, el blanco y el azul, y jugar\u00e1n en relevos durante dos partes de 30 minutos cada una. Las <strong>gradas del estadio estar\u00e1n abiertas<\/strong> para que todo el mundo que quiera asistir pueda disfrutar de la propuesta como espectador.<\/p>\n\n\n\n<p>El Partido de las Estrellas tendr\u00e1 lugar <strong>martes d\u00eda 20 de diciembre a las 12:00 del mediod\u00eda.<\/strong>&nbsp; &nbsp;&nbsp;<\/p>\n\n\n\n<p><\/p>","protected":false},"excerpt":{"rendered":"<p>Lo jugar\u00e1n en el Camp d&#039;Esports el pr\u00f3ximo martes 20 de diciembre a las 12 horas y est\u00e1 abierto al p\u00fablico\u2026.<\/p>","protected":false},"author":6,"featured_media":1294,"comment_status":"closed","ping_status":"open","sticky":false,"template":"","format":"standard","meta":{"footnotes":""},"categories":[36],"tags":[],"temporada":[32],"club":[],"class_list":["post-1290","post","type-post","status-publish","format-standard","has-post-thumbnail","hentry","category-noticies","temporada-2022-2023"],"_links":{"self":[{"href":"https:\/\/lleidacf.cat\/es\/wp-json\/wp\/v2\/posts\/1290","targetHints":{"allow":["GET"]}}],"collection":[{"href":"https:\/\/lleidacf.cat\/es\/wp-json\/wp\/v2\/posts"}],"about":[{"href":"https:\/\/lleidacf.cat\/es\/wp-json\/wp\/v2\/types\/post"}],"author":[{"embeddable":true,"href":"https:\/\/lleidacf.cat\/es\/wp-json\/wp\/v2\/users\/6"}],"replies":[{"embeddable":true,"href":"https:\/\/lleidacf.cat\/es\/wp-json\/wp\/v2\/comments?post=1290"}],"version-history":[{"count":0,"href":"https:\/\/lleidacf.cat\/es\/wp-json\/wp\/v2\/posts\/1290\/revisions"}],"wp:featuredmedia":[{"embeddable":true,"href":"https:\/\/lleidacf.cat\/es\/wp-json\/wp\/v2\/media\/1294"}],"wp:attachment":[{"href":"https:\/\/lleidacf.cat\/es\/wp-json\/wp\/v2\/media?parent=1290"}],"wp:term":[{"taxonomy":"category","embeddable":true,"href":"https:\/\/lleidacf.cat\/es\/wp-json\/wp\/v2\/categories?post=1290"},{"taxonomy":"post_tag","embeddable":true,"href":"https:\/\/lleidacf.cat\/es\/wp-json\/wp\/v2\/tags?post=1290"},{"taxonomy":"temporada","embeddable":true,"href":"https:\/\/lleidacf.cat\/es\/wp-json\/wp\/v2\/temporada?post=1290"},{"taxonomy":"club","embeddable":true,"href":"https:\/\/lleidacf.cat\/es\/wp-json\/wp\/v2\/club?post=1290"}],"curies":[{"name":"wp","href":"https:\/\/api.w.org\/{rel}","templated":true}]}}