{"id":1297,"date":"2022-12-19T11:14:15","date_gmt":"2022-12-19T10:14:15","guid":{"rendered":"https:\/\/lleidaesportiu.futbol\/?p=1297"},"modified":"2023-02-04T17:51:45","modified_gmt":"2023-02-04T16:51:45","slug":"laficio-blava-i-la-blau-grana-estrenyen-llacos","status":"publish","type":"post","link":"https:\/\/lleidacf.cat\/es\/laficio-blava-i-la-blau-grana-estrenyen-llacos\/","title":{"rendered":"La afici\u00f3n azul y la azul grana aprietan lazos!!"},"content":{"rendered":"<p><\/p>\n\n\n<\/p>\n<p>El Lleida Esportiu y la Federaci\u00f3n de Pe\u00f1as del FC Barcelona de Lleida Sur y la Franja firman un acuerdo de colaboraci\u00f3n para impulsar acciones que beneficien a las seguidoras y seguidores de ambas entidades. Por un lado, permitir\u00e1 impulsar el n\u00famero de abonados y la asistencia de espectadores en el Camp d&#039;Esports y, por otro, dar\u00e1 mayor visibilidad a la asociaci\u00f3n de pe\u00f1as cul\u00e9s en Ponent. Los socios de la pe\u00f1a leridana del Bar\u00e7a que se abonen en el club azul disfrutar\u00e1n de distintas ventajas.&nbsp;<\/p><p>El acuerdo lo han firmado Vicente Javaloyes, director general del Lleida Esportiu y Cl\u00e0udio Bosch, presidente de la Federaci\u00f3n de Pe\u00f1as del FC Barcelona Lleida Sur y la Franja.&nbsp;<br><\/p>\n<p>\n\n\n<p><\/p>","protected":false},"excerpt":{"rendered":"<p>El Lleida Esportiu y la Federaci\u00f3n de Pe\u00f1as del FC Barcelona de Lleida Sur y la Franja firman un acuerdo\u2026<\/p>","protected":false},"author":6,"featured_media":1298,"comment_status":"closed","ping_status":"open","sticky":false,"template":"","format":"standard","meta":{"footnotes":""},"categories":[36],"tags":[],"temporada":[32],"club":[23],"class_list":["post-1297","post","type-post","status-publish","format-standard","has-post-thumbnail","hentry","category-noticies","temporada-2022-2023","club-lleida-esportiu"],"_links":{"self":[{"href":"https:\/\/lleidacf.cat\/es\/wp-json\/wp\/v2\/posts\/1297","targetHints":{"allow":["GET"]}}],"collection":[{"href":"https:\/\/lleidacf.cat\/es\/wp-json\/wp\/v2\/posts"}],"about":[{"href":"https:\/\/lleidacf.cat\/es\/wp-json\/wp\/v2\/types\/post"}],"author":[{"embeddable":true,"href":"https:\/\/lleidacf.cat\/es\/wp-json\/wp\/v2\/users\/6"}],"replies":[{"embeddable":true,"href":"https:\/\/lleidacf.cat\/es\/wp-json\/wp\/v2\/comments?post=1297"}],"version-history":[{"count":0,"href":"https:\/\/lleidacf.cat\/es\/wp-json\/wp\/v2\/posts\/1297\/revisions"}],"wp:featuredmedia":[{"embeddable":true,"href":"https:\/\/lleidacf.cat\/es\/wp-json\/wp\/v2\/media\/1298"}],"wp:attachment":[{"href":"https:\/\/lleidacf.cat\/es\/wp-json\/wp\/v2\/media?parent=1297"}],"wp:term":[{"taxonomy":"category","embeddable":true,"href":"https:\/\/lleidacf.cat\/es\/wp-json\/wp\/v2\/categories?post=1297"},{"taxonomy":"post_tag","embeddable":true,"href":"https:\/\/lleidacf.cat\/es\/wp-json\/wp\/v2\/tags?post=1297"},{"taxonomy":"temporada","embeddable":true,"href":"https:\/\/lleidacf.cat\/es\/wp-json\/wp\/v2\/temporada?post=1297"},{"taxonomy":"club","embeddable":true,"href":"https:\/\/lleidacf.cat\/es\/wp-json\/wp\/v2\/club?post=1297"}],"curies":[{"name":"wp","href":"https:\/\/api.w.org\/{rel}","templated":true}]}}