{"id":1398,"date":"2022-12-22T11:02:44","date_gmt":"2022-12-22T10:02:44","guid":{"rendered":"https:\/\/lleidaesportiu.futbol\/?p=1398"},"modified":"2023-03-21T15:09:45","modified_gmt":"2023-03-21T14:09:45","slug":"el-club-en-col%c2%b7laboracio-amb-larbitre-internacional-el-lleidata-xavier-estrada-ha-ofert-un-campus-perque-nenes-i-nenes-puguin-experimentar-les-sensacions-que-es-tenen-en-convertir-se-en-un-ju","status":"publish","type":"post","link":"https:\/\/lleidacf.cat\/es\/el-club-en-collaboracio-amb-larbitre-internacional-el-lleidata-xavier-estrada-ha-ofert-un-campus-perque-nenes-i-nenes-puguin-experimentar-les-sensacions-que-es-tenen-en-convertir-se-en-un-ju\/","title":{"rendered":"Los Campus son una gran opci\u00f3n de verano para peque\u00f1os futbolistas."},"content":{"rendered":"<p>El club, en colaboraci\u00f3n con el leridano \u00e1rbitro internacional Xavier Estrada, ha ofrecido un Campus para que ni\u00f1as y ni\u00f1as puedan experimentar las sensaciones que se tienen al convertirse en un jugador de f\u00fatbol aproxim\u00e1ndose al d\u00eda a d\u00eda de la plantilla. Tambi\u00e9n hemos colaborado con el Campus de la UE Bal\u00e0fia.<\/p>\n\n\n\n<figure class=\"wp-block-gallery has-nested-images columns-default is-cropped wp-block-gallery-1 is-layout-flex wp-block-gallery-is-layout-flex\">\n<figure class=\"wp-block-image size-large\"><img fetchpriority=\"high\" decoding=\"async\" width=\"1024\" height=\"768\" data-id=\"1408\" src=\"https:\/\/lleidacf.cat\/wp-content\/uploads\/2022\/12\/CAMPUS-XAVIER-ESTRADA-6.jpeg\" alt=\"\" class=\"wp-image-1408\" srcset=\"https:\/\/lleidacf.cat\/wp-content\/uploads\/2022\/12\/CAMPUS-XAVIER-ESTRADA-6.jpeg 1024w, https:\/\/lleidacf.cat\/wp-content\/uploads\/2022\/12\/CAMPUS-XAVIER-ESTRADA-6-300x225.jpeg 300w, https:\/\/lleidacf.cat\/wp-content\/uploads\/2022\/12\/CAMPUS-XAVIER-ESTRADA-6-768x576.jpeg 768w\" sizes=\"(max-width: 1024px) 100vw, 1024px\" \/><\/figure>\n\n\n\n<figure class=\"wp-block-image size-large\"><img decoding=\"async\" width=\"1024\" height=\"768\" data-id=\"1407\" src=\"https:\/\/lleidacf.cat\/wp-content\/uploads\/2022\/12\/CAMPUS-XAVIER-ESTRADA-5.jpeg\" alt=\"\" class=\"wp-image-1407\" srcset=\"https:\/\/lleidacf.cat\/wp-content\/uploads\/2022\/12\/CAMPUS-XAVIER-ESTRADA-5.jpeg 1024w, https:\/\/lleidacf.cat\/wp-content\/uploads\/2022\/12\/CAMPUS-XAVIER-ESTRADA-5-300x225.jpeg 300w, https:\/\/lleidacf.cat\/wp-content\/uploads\/2022\/12\/CAMPUS-XAVIER-ESTRADA-5-768x576.jpeg 768w\" sizes=\"(max-width: 1024px) 100vw, 1024px\" \/><\/figure>\n\n\n\n<figure class=\"wp-block-image size-large\"><img decoding=\"async\" width=\"1024\" height=\"768\" data-id=\"1406\" src=\"https:\/\/lleidacf.cat\/wp-content\/uploads\/2022\/12\/CAMPUS-XAVIER-ESTRADA-4.jpeg\" alt=\"\" class=\"wp-image-1406\" srcset=\"https:\/\/lleidacf.cat\/wp-content\/uploads\/2022\/12\/CAMPUS-XAVIER-ESTRADA-4.jpeg 1024w, https:\/\/lleidacf.cat\/wp-content\/uploads\/2022\/12\/CAMPUS-XAVIER-ESTRADA-4-300x225.jpeg 300w, https:\/\/lleidacf.cat\/wp-content\/uploads\/2022\/12\/CAMPUS-XAVIER-ESTRADA-4-768x576.jpeg 768w\" sizes=\"(max-width: 1024px) 100vw, 1024px\" \/><\/figure>\n\n\n\n<figure class=\"wp-block-image size-large\"><img loading=\"lazy\" decoding=\"async\" width=\"1024\" height=\"768\" data-id=\"1405\" src=\"https:\/\/lleidacf.cat\/wp-content\/uploads\/2022\/12\/CAMPUS-XAVIER-ESTRADA-3.jpeg\" alt=\"\" class=\"wp-image-1405\" srcset=\"https:\/\/lleidacf.cat\/wp-content\/uploads\/2022\/12\/CAMPUS-XAVIER-ESTRADA-3.jpeg 1024w, https:\/\/lleidacf.cat\/wp-content\/uploads\/2022\/12\/CAMPUS-XAVIER-ESTRADA-3-300x225.jpeg 300w, https:\/\/lleidacf.cat\/wp-content\/uploads\/2022\/12\/CAMPUS-XAVIER-ESTRADA-3-768x576.jpeg 768w\" sizes=\"(max-width: 1024px) 100vw, 1024px\" \/><\/figure>\n\n\n\n<figure class=\"wp-block-image size-large\"><img loading=\"lazy\" decoding=\"async\" width=\"1024\" height=\"768\" data-id=\"1404\" src=\"https:\/\/lleidacf.cat\/wp-content\/uploads\/2022\/12\/CAMPUS-XAVIER-ESTRADA-2.jpeg\" alt=\"\" class=\"wp-image-1404\" srcset=\"https:\/\/lleidacf.cat\/wp-content\/uploads\/2022\/12\/CAMPUS-XAVIER-ESTRADA-2.jpeg 1024w, https:\/\/lleidacf.cat\/wp-content\/uploads\/2022\/12\/CAMPUS-XAVIER-ESTRADA-2-300x225.jpeg 300w, https:\/\/lleidacf.cat\/wp-content\/uploads\/2022\/12\/CAMPUS-XAVIER-ESTRADA-2-768x576.jpeg 768w\" sizes=\"(max-width: 1024px) 100vw, 1024px\" \/><\/figure>\n\n\n\n<figure class=\"wp-block-image size-large\"><img loading=\"lazy\" decoding=\"async\" width=\"1024\" height=\"768\" data-id=\"1402\" src=\"https:\/\/lleidacf.cat\/wp-content\/uploads\/2022\/12\/CAMPUS-XAVIER-ESTRADA-7.jpeg\" alt=\"\" class=\"wp-image-1402\" srcset=\"https:\/\/lleidacf.cat\/wp-content\/uploads\/2022\/12\/CAMPUS-XAVIER-ESTRADA-7.jpeg 1024w, https:\/\/lleidacf.cat\/wp-content\/uploads\/2022\/12\/CAMPUS-XAVIER-ESTRADA-7-300x225.jpeg 300w, https:\/\/lleidacf.cat\/wp-content\/uploads\/2022\/12\/CAMPUS-XAVIER-ESTRADA-7-768x576.jpeg 768w\" sizes=\"(max-width: 1024px) 100vw, 1024px\" \/><\/figure>\n\n\n\n<figure class=\"wp-block-image size-large\"><img loading=\"lazy\" decoding=\"async\" width=\"1024\" height=\"768\" data-id=\"1403\" src=\"https:\/\/lleidacf.cat\/wp-content\/uploads\/2022\/12\/CAMPUS-XAVIER-ESTRADA-1.jpeg\" alt=\"\" class=\"wp-image-1403\" srcset=\"https:\/\/lleidacf.cat\/wp-content\/uploads\/2022\/12\/CAMPUS-XAVIER-ESTRADA-1.jpeg 1024w, https:\/\/lleidacf.cat\/wp-content\/uploads\/2022\/12\/CAMPUS-XAVIER-ESTRADA-1-300x225.jpeg 300w, https:\/\/lleidacf.cat\/wp-content\/uploads\/2022\/12\/CAMPUS-XAVIER-ESTRADA-1-768x576.jpeg 768w\" sizes=\"(max-width: 1024px) 100vw, 1024px\" \/><\/figure>\n\n\n\n<figure class=\"wp-block-image size-large\"><img loading=\"lazy\" decoding=\"async\" width=\"846\" height=\"587\" data-id=\"1401\" src=\"https:\/\/lleidacf.cat\/wp-content\/uploads\/2022\/12\/XAVI-ESTRADA-CAMPUS.png\" alt=\"\" class=\"wp-image-1401\" srcset=\"https:\/\/lleidacf.cat\/wp-content\/uploads\/2022\/12\/XAVI-ESTRADA-CAMPUS.png 846w, https:\/\/lleidacf.cat\/wp-content\/uploads\/2022\/12\/XAVI-ESTRADA-CAMPUS-300x208.png 300w, https:\/\/lleidacf.cat\/wp-content\/uploads\/2022\/12\/XAVI-ESTRADA-CAMPUS-768x533.png 768w\" sizes=\"(max-width: 846px) 100vw, 846px\" \/><\/figure>\n\n\n\n<figure class=\"wp-block-image size-large\"><img loading=\"lazy\" decoding=\"async\" width=\"611\" height=\"802\" data-id=\"1399\" src=\"https:\/\/lleidacf.cat\/wp-content\/uploads\/2022\/12\/UE-BALAFIA-.png\" alt=\"\" class=\"wp-image-1399\" srcset=\"https:\/\/lleidacf.cat\/wp-content\/uploads\/2022\/12\/UE-BALAFIA-.png 611w, https:\/\/lleidacf.cat\/wp-content\/uploads\/2022\/12\/UE-BALAFIA--229x300.png 229w\" sizes=\"(max-width: 611px) 100vw, 611px\" \/><\/figure>\n<\/figure>","protected":false},"excerpt":{"rendered":"<p>El club, en colaboraci\u00f3n con el leridano \u00e1rbitro internacional Xavier Estrada, ha ofrecido un Campus para que ni\u00f1as y ni\u00f1as puedan\u2026<\/p>","protected":false},"author":6,"featured_media":1400,"comment_status":"closed","ping_status":"open","sticky":false,"template":"","format":"standard","meta":{"footnotes":""},"categories":[36,1],"tags":[],"temporada":[32],"club":[23],"class_list":["post-1398","post","type-post","status-publish","format-standard","has-post-thumbnail","hentry","category-noticies","category-rsc","temporada-2022-2023","club-lleida-esportiu"],"_links":{"self":[{"href":"https:\/\/lleidacf.cat\/es\/wp-json\/wp\/v2\/posts\/1398","targetHints":{"allow":["GET"]}}],"collection":[{"href":"https:\/\/lleidacf.cat\/es\/wp-json\/wp\/v2\/posts"}],"about":[{"href":"https:\/\/lleidacf.cat\/es\/wp-json\/wp\/v2\/types\/post"}],"author":[{"embeddable":true,"href":"https:\/\/lleidacf.cat\/es\/wp-json\/wp\/v2\/users\/6"}],"replies":[{"embeddable":true,"href":"https:\/\/lleidacf.cat\/es\/wp-json\/wp\/v2\/comments?post=1398"}],"version-history":[{"count":0,"href":"https:\/\/lleidacf.cat\/es\/wp-json\/wp\/v2\/posts\/1398\/revisions"}],"wp:featuredmedia":[{"embeddable":true,"href":"https:\/\/lleidacf.cat\/es\/wp-json\/wp\/v2\/media\/1400"}],"wp:attachment":[{"href":"https:\/\/lleidacf.cat\/es\/wp-json\/wp\/v2\/media?parent=1398"}],"wp:term":[{"taxonomy":"category","embeddable":true,"href":"https:\/\/lleidacf.cat\/es\/wp-json\/wp\/v2\/categories?post=1398"},{"taxonomy":"post_tag","embeddable":true,"href":"https:\/\/lleidacf.cat\/es\/wp-json\/wp\/v2\/tags?post=1398"},{"taxonomy":"temporada","embeddable":true,"href":"https:\/\/lleidacf.cat\/es\/wp-json\/wp\/v2\/temporada?post=1398"},{"taxonomy":"club","embeddable":true,"href":"https:\/\/lleidacf.cat\/es\/wp-json\/wp\/v2\/club?post=1398"}],"curies":[{"name":"wp","href":"https:\/\/api.w.org\/{rel}","templated":true}]}}