{"id":1456,"date":"2022-12-22T11:37:37","date_gmt":"2022-12-22T10:37:37","guid":{"rendered":"https:\/\/lleidaesportiu.futbol\/?p=1456"},"modified":"2023-03-21T15:08:33","modified_gmt":"2023-03-21T14:08:33","slug":"la-importancia-de-la-prevencio-a-traves-de-lactivitat-fisica-i-lalimentacio-saludable-i-de-la-investigacio-per-a-fer-front-a-diferents-malalties-es-tambe-un-dels-interessos-del-club-per-aixo-c","status":"publish","type":"post","link":"https:\/\/lleidacf.cat\/es\/la-importancia-de-la-prevencio-a-traves-de-lactivitat-fisica-i-lalimentacio-saludable-i-de-la-investigacio-per-a-fer-front-a-diferents-malalties-es-tambe-un-dels-interessos-del-club-per-aixo-c\/","title":{"rendered":"Nos sumamos a la causa contra el c\u00e1ncer!!"},"content":{"rendered":"<p>La importancia de la prevenci\u00f3n, a trav\u00e9s de la actividad f\u00edsica y la alimentaci\u00f3n saludable, y de la investigaci\u00f3n para hacer frente a distintas enfermedades, es tambi\u00e9n uno de los intereses del club. Por eso, colaboramos con la Asociaci\u00f3n contra el c\u00e1ncer de Lleida en las diferentes acciones de concienciaci\u00f3n social que realizan y le dedicamos el partido del 30 de octubre de 2022.<\/p>\n\n\n\n<p><\/p>\n\n\n\n<figure class=\"wp-block-gallery has-nested-images columns-default is-cropped wp-block-gallery-1 is-layout-flex wp-block-gallery-is-layout-flex\">\n<figure class=\"wp-block-image size-large\"><img fetchpriority=\"high\" decoding=\"async\" width=\"1024\" height=\"768\" data-id=\"1461\" src=\"https:\/\/lleidacf.cat\/wp-content\/uploads\/2022\/12\/WhatsApp-Image-2022-10-25-at-8.08.58-PM-2.jpeg\" alt=\"\" class=\"wp-image-1461\" srcset=\"https:\/\/lleidacf.cat\/wp-content\/uploads\/2022\/12\/WhatsApp-Image-2022-10-25-at-8.08.58-PM-2.jpeg 1024w, https:\/\/lleidacf.cat\/wp-content\/uploads\/2022\/12\/WhatsApp-Image-2022-10-25-at-8.08.58-PM-2-300x225.jpeg 300w, https:\/\/lleidacf.cat\/wp-content\/uploads\/2022\/12\/WhatsApp-Image-2022-10-25-at-8.08.58-PM-2-768x576.jpeg 768w\" sizes=\"(max-width: 1024px) 100vw, 1024px\" \/><\/figure>\n\n\n\n<figure class=\"wp-block-image size-large\"><img decoding=\"async\" width=\"1024\" height=\"768\" data-id=\"1458\" src=\"https:\/\/lleidacf.cat\/wp-content\/uploads\/2022\/12\/ACORD-ASSOCIACIO-CONTRA-CANCER-LLEIDA-2.jpeg\" alt=\"\" class=\"wp-image-1458\" srcset=\"https:\/\/lleidacf.cat\/wp-content\/uploads\/2022\/12\/ACORD-ASSOCIACIO-CONTRA-CANCER-LLEIDA-2.jpeg 1024w, https:\/\/lleidacf.cat\/wp-content\/uploads\/2022\/12\/ACORD-ASSOCIACIO-CONTRA-CANCER-LLEIDA-2-300x225.jpeg 300w, https:\/\/lleidacf.cat\/wp-content\/uploads\/2022\/12\/ACORD-ASSOCIACIO-CONTRA-CANCER-LLEIDA-2-768x576.jpeg 768w\" sizes=\"(max-width: 1024px) 100vw, 1024px\" \/><\/figure>\n\n\n\n<figure class=\"wp-block-image size-large\"><img decoding=\"async\" width=\"1024\" height=\"683\" data-id=\"1459\" src=\"https:\/\/lleidacf.cat\/wp-content\/uploads\/2022\/12\/ACCIO-CANCER-MAMA-0-29-OCTUBRE-LLEIDA-ESPORTIU-UE-OLOT-1024x683.jpg\" alt=\"\" class=\"wp-image-1459\" srcset=\"https:\/\/lleidacf.cat\/wp-content\/uploads\/2022\/12\/ACCIO-CANCER-MAMA-0-29-OCTUBRE-LLEIDA-ESPORTIU-UE-OLOT-1024x683.jpg 1024w, https:\/\/lleidacf.cat\/wp-content\/uploads\/2022\/12\/ACCIO-CANCER-MAMA-0-29-OCTUBRE-LLEIDA-ESPORTIU-UE-OLOT-300x200.jpg 300w, https:\/\/lleidacf.cat\/wp-content\/uploads\/2022\/12\/ACCIO-CANCER-MAMA-0-29-OCTUBRE-LLEIDA-ESPORTIU-UE-OLOT-768x512.jpg 768w, https:\/\/lleidacf.cat\/wp-content\/uploads\/2022\/12\/ACCIO-CANCER-MAMA-0-29-OCTUBRE-LLEIDA-ESPORTIU-UE-OLOT.jpg 1200w\" sizes=\"(max-width: 1024px) 100vw, 1024px\" \/><\/figure>\n\n\n\n<figure class=\"wp-block-image size-large\"><img loading=\"lazy\" decoding=\"async\" width=\"1024\" height=\"683\" data-id=\"1460\" src=\"https:\/\/lleidacf.cat\/wp-content\/uploads\/2022\/12\/ACCIO-CANCER-MAMA-PALCO-1024x683.jpg\" alt=\"\" class=\"wp-image-1460\" srcset=\"https:\/\/lleidacf.cat\/wp-content\/uploads\/2022\/12\/ACCIO-CANCER-MAMA-PALCO-1024x683.jpg 1024w, https:\/\/lleidacf.cat\/wp-content\/uploads\/2022\/12\/ACCIO-CANCER-MAMA-PALCO-300x200.jpg 300w, https:\/\/lleidacf.cat\/wp-content\/uploads\/2022\/12\/ACCIO-CANCER-MAMA-PALCO-768x512.jpg 768w, https:\/\/lleidacf.cat\/wp-content\/uploads\/2022\/12\/ACCIO-CANCER-MAMA-PALCO.jpg 1200w\" sizes=\"(max-width: 1024px) 100vw, 1024px\" \/><\/figure>\n<\/figure>\n\n\n\n<figure class=\"wp-block-image size-large\"><img loading=\"lazy\" decoding=\"async\" width=\"1024\" height=\"683\" src=\"https:\/\/lleidacf.cat\/wp-content\/uploads\/2022\/12\/ACCIO-CANCER-MAMA-GLOBUS-1024x683.jpg\" alt=\"\" class=\"wp-image-1457\" srcset=\"https:\/\/lleidacf.cat\/wp-content\/uploads\/2022\/12\/ACCIO-CANCER-MAMA-GLOBUS-1024x683.jpg 1024w, https:\/\/lleidacf.cat\/wp-content\/uploads\/2022\/12\/ACCIO-CANCER-MAMA-GLOBUS-300x200.jpg 300w, https:\/\/lleidacf.cat\/wp-content\/uploads\/2022\/12\/ACCIO-CANCER-MAMA-GLOBUS-768x512.jpg 768w, https:\/\/lleidacf.cat\/wp-content\/uploads\/2022\/12\/ACCIO-CANCER-MAMA-GLOBUS.jpg 1200w\" sizes=\"(max-width: 1024px) 100vw, 1024px\" \/><\/figure>","protected":false},"excerpt":{"rendered":"<p>La importancia de la prevenci\u00f3n, a trav\u00e9s de la actividad f\u00edsica y la alimentaci\u00f3n saludable, y de la investigaci\u00f3n para realizar\u2026<\/p>","protected":false},"author":6,"featured_media":1486,"comment_status":"closed","ping_status":"open","sticky":false,"template":"","format":"standard","meta":{"footnotes":""},"categories":[36,1],"tags":[],"temporada":[32],"club":[23],"class_list":["post-1456","post","type-post","status-publish","format-standard","has-post-thumbnail","hentry","category-noticies","category-rsc","temporada-2022-2023","club-lleida-esportiu"],"_links":{"self":[{"href":"https:\/\/lleidacf.cat\/es\/wp-json\/wp\/v2\/posts\/1456","targetHints":{"allow":["GET"]}}],"collection":[{"href":"https:\/\/lleidacf.cat\/es\/wp-json\/wp\/v2\/posts"}],"about":[{"href":"https:\/\/lleidacf.cat\/es\/wp-json\/wp\/v2\/types\/post"}],"author":[{"embeddable":true,"href":"https:\/\/lleidacf.cat\/es\/wp-json\/wp\/v2\/users\/6"}],"replies":[{"embeddable":true,"href":"https:\/\/lleidacf.cat\/es\/wp-json\/wp\/v2\/comments?post=1456"}],"version-history":[{"count":0,"href":"https:\/\/lleidacf.cat\/es\/wp-json\/wp\/v2\/posts\/1456\/revisions"}],"wp:featuredmedia":[{"embeddable":true,"href":"https:\/\/lleidacf.cat\/es\/wp-json\/wp\/v2\/media\/1486"}],"wp:attachment":[{"href":"https:\/\/lleidacf.cat\/es\/wp-json\/wp\/v2\/media?parent=1456"}],"wp:term":[{"taxonomy":"category","embeddable":true,"href":"https:\/\/lleidacf.cat\/es\/wp-json\/wp\/v2\/categories?post=1456"},{"taxonomy":"post_tag","embeddable":true,"href":"https:\/\/lleidacf.cat\/es\/wp-json\/wp\/v2\/tags?post=1456"},{"taxonomy":"temporada","embeddable":true,"href":"https:\/\/lleidacf.cat\/es\/wp-json\/wp\/v2\/temporada?post=1456"},{"taxonomy":"club","embeddable":true,"href":"https:\/\/lleidacf.cat\/es\/wp-json\/wp\/v2\/club?post=1456"}],"curies":[{"name":"wp","href":"https:\/\/api.w.org\/{rel}","templated":true}]}}