{"id":1564,"date":"2022-12-29T16:25:40","date_gmt":"2022-12-29T15:25:40","guid":{"rendered":"https:\/\/lleidaesportiu.futbol\/?p=1564"},"modified":"2023-02-04T17:51:28","modified_gmt":"2023-02-04T16:51:28","slug":"primer-entrenament-a-les-ordres-de-seligrat","status":"publish","type":"post","link":"https:\/\/lleidacf.cat\/es\/primer-entrenament-a-les-ordres-de-seligrat\/","title":{"rendered":"Primer entrenamiento a las \u00f3rdenes de Seligrat"},"content":{"rendered":"<p>El reestreno de Toni Seligrat al frente del banquillo del Lleida Esportiu ha tenido lugar este jueves con el primer entrenamiento que ha dirigido en el campo del Anexo del Camp d&#039;Esports.<\/p>\n\n\n\n<p>Reci\u00e9n llegado a Ponent, el valenciano se reun\u00eda anoche con el presidente Luis Pereira, con quien firm\u00f3 el acuerdo que le vincula al club por lo que queda de temporada, y tambi\u00e9n con el director general, Vicente Javaloyes.<\/p>\n\n\n\n<figure class=\"wp-block-gallery has-nested-images columns-default is-cropped wp-block-gallery-1 is-layout-flex wp-block-gallery-is-layout-flex\">\n<figure class=\"wp-block-image size-large\"><img fetchpriority=\"high\" decoding=\"async\" width=\"1024\" height=\"683\" data-id=\"1568\" src=\"https:\/\/lleidacf.cat\/wp-content\/uploads\/2022\/12\/PRIMER-ENTRENAMENT-1-1024x683.jpeg\" alt=\"\" class=\"wp-image-1568\" srcset=\"https:\/\/lleidacf.cat\/wp-content\/uploads\/2022\/12\/PRIMER-ENTRENAMENT-1-1024x683.jpeg 1024w, https:\/\/lleidacf.cat\/wp-content\/uploads\/2022\/12\/PRIMER-ENTRENAMENT-1-300x200.jpeg 300w, https:\/\/lleidacf.cat\/wp-content\/uploads\/2022\/12\/PRIMER-ENTRENAMENT-1-768x512.jpeg 768w, https:\/\/lleidacf.cat\/wp-content\/uploads\/2022\/12\/PRIMER-ENTRENAMENT-1.jpeg 1200w\" sizes=\"(max-width: 1024px) 100vw, 1024px\" \/><\/figure>\n\n\n\n<figure class=\"wp-block-image size-large\"><img decoding=\"async\" width=\"1024\" height=\"683\" data-id=\"1570\" src=\"https:\/\/lleidacf.cat\/wp-content\/uploads\/2022\/12\/PRIMER-ENTRENAMENT-2-1024x683.jpeg\" alt=\"\" class=\"wp-image-1570\" srcset=\"https:\/\/lleidacf.cat\/wp-content\/uploads\/2022\/12\/PRIMER-ENTRENAMENT-2-1024x683.jpeg 1024w, https:\/\/lleidacf.cat\/wp-content\/uploads\/2022\/12\/PRIMER-ENTRENAMENT-2-300x200.jpeg 300w, https:\/\/lleidacf.cat\/wp-content\/uploads\/2022\/12\/PRIMER-ENTRENAMENT-2-768x512.jpeg 768w, https:\/\/lleidacf.cat\/wp-content\/uploads\/2022\/12\/PRIMER-ENTRENAMENT-2.jpeg 1200w\" sizes=\"(max-width: 1024px) 100vw, 1024px\" \/><\/figure>\n\n\n\n<figure class=\"wp-block-image size-large\"><img decoding=\"async\" width=\"1024\" height=\"683\" data-id=\"1566\" src=\"https:\/\/lleidacf.cat\/wp-content\/uploads\/2022\/12\/SIGNATURA-SELIGRAT-PEREIRA-1024x683.jpeg\" alt=\"\" class=\"wp-image-1566\" srcset=\"https:\/\/lleidacf.cat\/wp-content\/uploads\/2022\/12\/SIGNATURA-SELIGRAT-PEREIRA-1024x683.jpeg 1024w, https:\/\/lleidacf.cat\/wp-content\/uploads\/2022\/12\/SIGNATURA-SELIGRAT-PEREIRA-300x200.jpeg 300w, https:\/\/lleidacf.cat\/wp-content\/uploads\/2022\/12\/SIGNATURA-SELIGRAT-PEREIRA-768x512.jpeg 768w, https:\/\/lleidacf.cat\/wp-content\/uploads\/2022\/12\/SIGNATURA-SELIGRAT-PEREIRA.jpeg 1200w\" sizes=\"(max-width: 1024px) 100vw, 1024px\" \/><\/figure>\n\n\n\n<figure class=\"wp-block-image size-large\"><img loading=\"lazy\" decoding=\"async\" width=\"1024\" height=\"683\" data-id=\"1565\" src=\"https:\/\/lleidacf.cat\/wp-content\/uploads\/2022\/12\/TONI-SELIGRAT-I-LUIS-PEREIRA-1024x683.jpeg\" alt=\"\" class=\"wp-image-1565\" srcset=\"https:\/\/lleidacf.cat\/wp-content\/uploads\/2022\/12\/TONI-SELIGRAT-I-LUIS-PEREIRA-1024x683.jpeg 1024w, https:\/\/lleidacf.cat\/wp-content\/uploads\/2022\/12\/TONI-SELIGRAT-I-LUIS-PEREIRA-300x200.jpeg 300w, https:\/\/lleidacf.cat\/wp-content\/uploads\/2022\/12\/TONI-SELIGRAT-I-LUIS-PEREIRA-768x512.jpeg 768w, https:\/\/lleidacf.cat\/wp-content\/uploads\/2022\/12\/TONI-SELIGRAT-I-LUIS-PEREIRA.jpeg 1200w\" sizes=\"(max-width: 1024px) 100vw, 1024px\" \/><\/figure>\n<\/figure>\n\n\n\n<figure class=\"wp-block-gallery has-nested-images columns-default is-cropped wp-block-gallery-2 is-layout-flex wp-block-gallery-is-layout-flex\">\n<figure class=\"wp-block-image size-large\"><img loading=\"lazy\" decoding=\"async\" width=\"1024\" height=\"683\" data-id=\"1572\" src=\"https:\/\/lleidacf.cat\/wp-content\/uploads\/2022\/12\/TONI-SELIGRAT-1-1024x683.jpeg\" alt=\"\" class=\"wp-image-1572\" srcset=\"https:\/\/lleidacf.cat\/wp-content\/uploads\/2022\/12\/TONI-SELIGRAT-1-1024x683.jpeg 1024w, https:\/\/lleidacf.cat\/wp-content\/uploads\/2022\/12\/TONI-SELIGRAT-1-300x200.jpeg 300w, https:\/\/lleidacf.cat\/wp-content\/uploads\/2022\/12\/TONI-SELIGRAT-1-768x512.jpeg 768w, https:\/\/lleidacf.cat\/wp-content\/uploads\/2022\/12\/TONI-SELIGRAT-1.jpeg 1200w\" sizes=\"(max-width: 1024px) 100vw, 1024px\" \/><\/figure>\n\n\n\n<figure class=\"wp-block-image size-large\"><img loading=\"lazy\" decoding=\"async\" width=\"1024\" height=\"683\" data-id=\"1573\" src=\"https:\/\/lleidacf.cat\/wp-content\/uploads\/2022\/12\/SELIGRAT-I-JAVALOYES-1-1024x683.jpeg\" alt=\"\" class=\"wp-image-1573\" srcset=\"https:\/\/lleidacf.cat\/wp-content\/uploads\/2022\/12\/SELIGRAT-I-JAVALOYES-1-1024x683.jpeg 1024w, https:\/\/lleidacf.cat\/wp-content\/uploads\/2022\/12\/SELIGRAT-I-JAVALOYES-1-300x200.jpeg 300w, https:\/\/lleidacf.cat\/wp-content\/uploads\/2022\/12\/SELIGRAT-I-JAVALOYES-1-768x512.jpeg 768w, https:\/\/lleidacf.cat\/wp-content\/uploads\/2022\/12\/SELIGRAT-I-JAVALOYES-1.jpeg 1200w\" sizes=\"(max-width: 1024px) 100vw, 1024px\" \/><\/figure>\n<\/figure>","protected":false},"excerpt":{"rendered":"<p>El reestreno de Toni Seligrat al frente del banquillo del Lleida Esportiu ha tenido lugar este jueves con el primer entrenamiento\u2026<\/p>","protected":false},"author":6,"featured_media":1571,"comment_status":"closed","ping_status":"open","sticky":false,"template":"","format":"standard","meta":{"footnotes":""},"categories":[36],"tags":[],"temporada":[32],"club":[23],"class_list":["post-1564","post","type-post","status-publish","format-standard","has-post-thumbnail","hentry","category-noticies","temporada-2022-2023","club-lleida-esportiu"],"_links":{"self":[{"href":"https:\/\/lleidacf.cat\/es\/wp-json\/wp\/v2\/posts\/1564","targetHints":{"allow":["GET"]}}],"collection":[{"href":"https:\/\/lleidacf.cat\/es\/wp-json\/wp\/v2\/posts"}],"about":[{"href":"https:\/\/lleidacf.cat\/es\/wp-json\/wp\/v2\/types\/post"}],"author":[{"embeddable":true,"href":"https:\/\/lleidacf.cat\/es\/wp-json\/wp\/v2\/users\/6"}],"replies":[{"embeddable":true,"href":"https:\/\/lleidacf.cat\/es\/wp-json\/wp\/v2\/comments?post=1564"}],"version-history":[{"count":0,"href":"https:\/\/lleidacf.cat\/es\/wp-json\/wp\/v2\/posts\/1564\/revisions"}],"wp:featuredmedia":[{"embeddable":true,"href":"https:\/\/lleidacf.cat\/es\/wp-json\/wp\/v2\/media\/1571"}],"wp:attachment":[{"href":"https:\/\/lleidacf.cat\/es\/wp-json\/wp\/v2\/media?parent=1564"}],"wp:term":[{"taxonomy":"category","embeddable":true,"href":"https:\/\/lleidacf.cat\/es\/wp-json\/wp\/v2\/categories?post=1564"},{"taxonomy":"post_tag","embeddable":true,"href":"https:\/\/lleidacf.cat\/es\/wp-json\/wp\/v2\/tags?post=1564"},{"taxonomy":"temporada","embeddable":true,"href":"https:\/\/lleidacf.cat\/es\/wp-json\/wp\/v2\/temporada?post=1564"},{"taxonomy":"club","embeddable":true,"href":"https:\/\/lleidacf.cat\/es\/wp-json\/wp\/v2\/club?post=1564"}],"curies":[{"name":"wp","href":"https:\/\/api.w.org\/{rel}","templated":true}]}}