{"id":1679,"date":"2023-01-13T11:58:29","date_gmt":"2023-01-13T10:58:29","guid":{"rendered":"https:\/\/lleidaesportiu.futbol\/?p=1679"},"modified":"2023-02-04T17:51:28","modified_gmt":"2023-02-04T16:51:28","slug":"xerrada-magistral-denrique-martin-monreal-adrecada-als-nois-i-als-entrenadors-de-la-base-blava","status":"publish","type":"post","link":"https:\/\/lleidacf.cat\/es\/xerrada-magistral-denrique-martin-monreal-adrecada-als-nois-i-als-entrenadors-de-la-base-blava\/","title":{"rendered":"Charla magistral de Enrique Mart\u00edn Monreal dirigida a los chicos y entrenadores de la Base Blava."},"content":{"rendered":"<p>La experiencia del ex jugador de la UE Lleida, en el \u00e1mbito de las categor\u00edas formativas, hace que recomiende la paciencia por delante de todo. Condena las actuales prisas y obligaciones que s\u00f3lo hacen que generar ansiedad y frustraci\u00f3n en los j\u00f3venes futbolistas. Incluso el no jugar, dice, forma parte de la educaci\u00f3n deportiva, y entrenadores y padres deben transmitir que todo cuenta: ya sea formando parte del 1 al 11 como del 11 al 25.<\/p>\n\n\n\n<p>Es necesario dejar a los chicos jugar, disfrutar y completar todo el proceso contribuyendo a extraer el talento particular de cada uno de ellos. Querer ir demasiado r\u00e1pido va en detrimento del crecimiento que hay que experimentar y hace que se pierda mucho potencial porque hay jugadores que se rinden qued\u00e1ndose a medio camino. \u00c9l mismo lleg\u00f3 a la Primera Divisi\u00f3n con veinticuatro a\u00f1os por eso afirma que debe mantenerse la ilusi\u00f3n, ya que quiz\u00e1s no lo consigas a los veinte pero a los veinticinco s\u00ed.<\/p>\n\n\n\n<p>Enrique Mart\u00edn Monreal ha recordado cu\u00e1ndo lleg\u00f3 a Ponent, una decisi\u00f3n que ha calificado de acierto total tanto en el \u00e1mbito futbol\u00edstico como personal. Fue la primera vez que sal\u00eda de su peque\u00f1o pueblo en Navarra y la capital del Segri\u00e0 forma parte de su recorrido vital porque supuso el primer golpe de muchas cosas. De entre los compa\u00f1eros de vestuario con los que coincidi\u00f3 asegura que si uno hablaba bien, el otro mejor: de la afici\u00f3n, del club, de la gente, de los directivos, de la ciudad\u2026<\/p>\n\n\n\n<p>Volver, ha dicho, es siempre un motivo de alegr\u00eda por eso ha agradecido la invitaci\u00f3n que le ha hecho el Lleida Esportiu. El navarro ha glosado su experiencia profesional para empezar el programa de actividades que pretende dinamizar la Base Blava. Ha asistido un centenar de personas que, al terminar, han compartido un refrigerio en las instalaciones del Camp d&#039;Esports.<\/p>\n\n\n\n<figure class=\"wp-block-gallery has-nested-images columns-default is-cropped wp-block-gallery-1 is-layout-flex wp-block-gallery-is-layout-flex\">\n<figure class=\"wp-block-image size-large\"><img fetchpriority=\"high\" decoding=\"async\" width=\"1024\" height=\"768\" data-id=\"1683\" src=\"https:\/\/lleidacf.cat\/wp-content\/uploads\/2023\/01\/MARTIN-MONREAL.jpeg\" alt=\"\" class=\"wp-image-1683\" srcset=\"https:\/\/lleidacf.cat\/wp-content\/uploads\/2023\/01\/MARTIN-MONREAL.jpeg 1024w, https:\/\/lleidacf.cat\/wp-content\/uploads\/2023\/01\/MARTIN-MONREAL-300x225.jpeg 300w, https:\/\/lleidacf.cat\/wp-content\/uploads\/2023\/01\/MARTIN-MONREAL-768x576.jpeg 768w, https:\/\/lleidacf.cat\/wp-content\/uploads\/2023\/01\/MARTIN-MONREAL-16x12.jpeg 16w\" sizes=\"(max-width: 1024px) 100vw, 1024px\" \/><\/figure>\n\n\n\n<figure class=\"wp-block-image size-large\"><img decoding=\"async\" width=\"1024\" height=\"768\" data-id=\"1684\" src=\"https:\/\/lleidacf.cat\/wp-content\/uploads\/2023\/01\/WhatsApp-Image-2023-01-13-at-10.21.29-2.jpeg\" alt=\"\" class=\"wp-image-1684\" srcset=\"https:\/\/lleidacf.cat\/wp-content\/uploads\/2023\/01\/WhatsApp-Image-2023-01-13-at-10.21.29-2.jpeg 1024w, https:\/\/lleidacf.cat\/wp-content\/uploads\/2023\/01\/WhatsApp-Image-2023-01-13-at-10.21.29-2-300x225.jpeg 300w, https:\/\/lleidacf.cat\/wp-content\/uploads\/2023\/01\/WhatsApp-Image-2023-01-13-at-10.21.29-2-768x576.jpeg 768w, https:\/\/lleidacf.cat\/wp-content\/uploads\/2023\/01\/WhatsApp-Image-2023-01-13-at-10.21.29-2-16x12.jpeg 16w\" sizes=\"(max-width: 1024px) 100vw, 1024px\" \/><\/figure>\n\n\n\n<figure class=\"wp-block-image size-large\"><img decoding=\"async\" width=\"1024\" height=\"768\" data-id=\"1687\" src=\"https:\/\/lleidacf.cat\/wp-content\/uploads\/2023\/01\/XERRADA-1.jpeg\" alt=\"\" class=\"wp-image-1687\" srcset=\"https:\/\/lleidacf.cat\/wp-content\/uploads\/2023\/01\/XERRADA-1.jpeg 1024w, https:\/\/lleidacf.cat\/wp-content\/uploads\/2023\/01\/XERRADA-1-300x225.jpeg 300w, https:\/\/lleidacf.cat\/wp-content\/uploads\/2023\/01\/XERRADA-1-768x576.jpeg 768w, https:\/\/lleidacf.cat\/wp-content\/uploads\/2023\/01\/XERRADA-1-16x12.jpeg 16w\" sizes=\"(max-width: 1024px) 100vw, 1024px\" \/><\/figure>\n\n\n\n<figure class=\"wp-block-image size-large\"><img loading=\"lazy\" decoding=\"async\" width=\"1024\" height=\"768\" data-id=\"1688\" src=\"https:\/\/lleidacf.cat\/wp-content\/uploads\/2023\/01\/XERRADA-2.jpeg\" alt=\"\" class=\"wp-image-1688\" srcset=\"https:\/\/lleidacf.cat\/wp-content\/uploads\/2023\/01\/XERRADA-2.jpeg 1024w, https:\/\/lleidacf.cat\/wp-content\/uploads\/2023\/01\/XERRADA-2-300x225.jpeg 300w, https:\/\/lleidacf.cat\/wp-content\/uploads\/2023\/01\/XERRADA-2-768x576.jpeg 768w, https:\/\/lleidacf.cat\/wp-content\/uploads\/2023\/01\/XERRADA-2-16x12.jpeg 16w\" sizes=\"(max-width: 1024px) 100vw, 1024px\" \/><\/figure>\n\n\n\n<figure class=\"wp-block-image size-large\"><img loading=\"lazy\" decoding=\"async\" width=\"1024\" height=\"768\" data-id=\"1689\" src=\"https:\/\/lleidacf.cat\/wp-content\/uploads\/2023\/01\/XERRADA-3.jpeg\" alt=\"\" class=\"wp-image-1689\" srcset=\"https:\/\/lleidacf.cat\/wp-content\/uploads\/2023\/01\/XERRADA-3.jpeg 1024w, https:\/\/lleidacf.cat\/wp-content\/uploads\/2023\/01\/XERRADA-3-300x225.jpeg 300w, https:\/\/lleidacf.cat\/wp-content\/uploads\/2023\/01\/XERRADA-3-768x576.jpeg 768w, https:\/\/lleidacf.cat\/wp-content\/uploads\/2023\/01\/XERRADA-3-16x12.jpeg 16w\" sizes=\"(max-width: 1024px) 100vw, 1024px\" \/><\/figure>\n\n\n\n<figure class=\"wp-block-image size-large\"><img loading=\"lazy\" decoding=\"async\" width=\"1024\" height=\"768\" data-id=\"1686\" src=\"https:\/\/lleidacf.cat\/wp-content\/uploads\/2023\/01\/WhatsApp-Image-2023-01-13-at-10.21.29-4.jpeg\" alt=\"\" class=\"wp-image-1686\" srcset=\"https:\/\/lleidacf.cat\/wp-content\/uploads\/2023\/01\/WhatsApp-Image-2023-01-13-at-10.21.29-4.jpeg 1024w, https:\/\/lleidacf.cat\/wp-content\/uploads\/2023\/01\/WhatsApp-Image-2023-01-13-at-10.21.29-4-300x225.jpeg 300w, https:\/\/lleidacf.cat\/wp-content\/uploads\/2023\/01\/WhatsApp-Image-2023-01-13-at-10.21.29-4-768x576.jpeg 768w, https:\/\/lleidacf.cat\/wp-content\/uploads\/2023\/01\/WhatsApp-Image-2023-01-13-at-10.21.29-4-16x12.jpeg 16w\" sizes=\"(max-width: 1024px) 100vw, 1024px\" \/><\/figure>\n\n\n\n<figure class=\"wp-block-image size-large\"><img loading=\"lazy\" decoding=\"async\" width=\"768\" height=\"1024\" data-id=\"1685\" src=\"https:\/\/lleidacf.cat\/wp-content\/uploads\/2023\/01\/WhatsApp-Image-2023-01-13-at-10.21.29-3.jpeg\" alt=\"\" class=\"wp-image-1685\" srcset=\"https:\/\/lleidacf.cat\/wp-content\/uploads\/2023\/01\/WhatsApp-Image-2023-01-13-at-10.21.29-3.jpeg 768w, https:\/\/lleidacf.cat\/wp-content\/uploads\/2023\/01\/WhatsApp-Image-2023-01-13-at-10.21.29-3-225x300.jpeg 225w, https:\/\/lleidacf.cat\/wp-content\/uploads\/2023\/01\/WhatsApp-Image-2023-01-13-at-10.21.29-3-9x12.jpeg 9w\" sizes=\"(max-width: 768px) 100vw, 768px\" \/><\/figure>\n\n\n\n<figure class=\"wp-block-image size-large\"><img loading=\"lazy\" decoding=\"async\" width=\"768\" height=\"1024\" data-id=\"1690\" src=\"https:\/\/lleidacf.cat\/wp-content\/uploads\/2023\/01\/XERRADA.jpeg\" alt=\"\" class=\"wp-image-1690\" srcset=\"https:\/\/lleidacf.cat\/wp-content\/uploads\/2023\/01\/XERRADA.jpeg 768w, https:\/\/lleidacf.cat\/wp-content\/uploads\/2023\/01\/XERRADA-225x300.jpeg 225w, https:\/\/lleidacf.cat\/wp-content\/uploads\/2023\/01\/XERRADA-9x12.jpeg 9w\" sizes=\"(max-width: 768px) 100vw, 768px\" \/><\/figure>\n\n\n\n<figure class=\"wp-block-image size-large\"><img loading=\"lazy\" decoding=\"async\" width=\"1024\" height=\"768\" data-id=\"1680\" src=\"https:\/\/lleidacf.cat\/wp-content\/uploads\/2023\/01\/FINAL-XERRADA-1024x768.jpeg\" alt=\"\" class=\"wp-image-1680\" srcset=\"https:\/\/lleidacf.cat\/wp-content\/uploads\/2023\/01\/FINAL-XERRADA-1024x768.jpeg 1024w, https:\/\/lleidacf.cat\/wp-content\/uploads\/2023\/01\/FINAL-XERRADA-300x225.jpeg 300w, https:\/\/lleidacf.cat\/wp-content\/uploads\/2023\/01\/FINAL-XERRADA-768x576.jpeg 768w, https:\/\/lleidacf.cat\/wp-content\/uploads\/2023\/01\/FINAL-XERRADA-1536x1152.jpeg 1536w, https:\/\/lleidacf.cat\/wp-content\/uploads\/2023\/01\/FINAL-XERRADA-16x12.jpeg 16w, https:\/\/lleidacf.cat\/wp-content\/uploads\/2023\/01\/FINAL-XERRADA.jpeg 2000w\" sizes=\"(max-width: 1024px) 100vw, 1024px\" \/><\/figure>\n\n\n\n<figure class=\"wp-block-image size-large\"><img loading=\"lazy\" decoding=\"async\" width=\"1024\" height=\"768\" data-id=\"1691\" src=\"https:\/\/lleidacf.cat\/wp-content\/uploads\/2023\/01\/FINAL-XERRADA-1-1024x768.jpeg\" alt=\"\" class=\"wp-image-1691\" srcset=\"https:\/\/lleidacf.cat\/wp-content\/uploads\/2023\/01\/FINAL-XERRADA-1-1024x768.jpeg 1024w, https:\/\/lleidacf.cat\/wp-content\/uploads\/2023\/01\/FINAL-XERRADA-1-300x225.jpeg 300w, https:\/\/lleidacf.cat\/wp-content\/uploads\/2023\/01\/FINAL-XERRADA-1-768x576.jpeg 768w, https:\/\/lleidacf.cat\/wp-content\/uploads\/2023\/01\/FINAL-XERRADA-1-1536x1152.jpeg 1536w, https:\/\/lleidacf.cat\/wp-content\/uploads\/2023\/01\/FINAL-XERRADA-1-16x12.jpeg 16w, https:\/\/lleidacf.cat\/wp-content\/uploads\/2023\/01\/FINAL-XERRADA-1.jpeg 2000w\" sizes=\"(max-width: 1024px) 100vw, 1024px\" \/><\/figure>\n<\/figure>","protected":false},"excerpt":{"rendered":"<p>La experiencia del ex jugador de la UE Lleida, en el \u00e1mbito de las categor\u00edas formativas, hace que recomiende la paciencia por delante\u2026<\/p>","protected":false},"author":6,"featured_media":1681,"comment_status":"closed","ping_status":"open","sticky":false,"template":"","format":"standard","meta":{"footnotes":""},"categories":[36],"tags":[],"temporada":[32],"club":[24],"class_list":["post-1679","post","type-post","status-publish","format-standard","has-post-thumbnail","hentry","category-noticies","temporada-2022-2023","club-base-lleida-esportiu"],"_links":{"self":[{"href":"https:\/\/lleidacf.cat\/es\/wp-json\/wp\/v2\/posts\/1679","targetHints":{"allow":["GET"]}}],"collection":[{"href":"https:\/\/lleidacf.cat\/es\/wp-json\/wp\/v2\/posts"}],"about":[{"href":"https:\/\/lleidacf.cat\/es\/wp-json\/wp\/v2\/types\/post"}],"author":[{"embeddable":true,"href":"https:\/\/lleidacf.cat\/es\/wp-json\/wp\/v2\/users\/6"}],"replies":[{"embeddable":true,"href":"https:\/\/lleidacf.cat\/es\/wp-json\/wp\/v2\/comments?post=1679"}],"version-history":[{"count":0,"href":"https:\/\/lleidacf.cat\/es\/wp-json\/wp\/v2\/posts\/1679\/revisions"}],"wp:featuredmedia":[{"embeddable":true,"href":"https:\/\/lleidacf.cat\/es\/wp-json\/wp\/v2\/media\/1681"}],"wp:attachment":[{"href":"https:\/\/lleidacf.cat\/es\/wp-json\/wp\/v2\/media?parent=1679"}],"wp:term":[{"taxonomy":"category","embeddable":true,"href":"https:\/\/lleidacf.cat\/es\/wp-json\/wp\/v2\/categories?post=1679"},{"taxonomy":"post_tag","embeddable":true,"href":"https:\/\/lleidacf.cat\/es\/wp-json\/wp\/v2\/tags?post=1679"},{"taxonomy":"temporada","embeddable":true,"href":"https:\/\/lleidacf.cat\/es\/wp-json\/wp\/v2\/temporada?post=1679"},{"taxonomy":"club","embeddable":true,"href":"https:\/\/lleidacf.cat\/es\/wp-json\/wp\/v2\/club?post=1679"}],"curies":[{"name":"wp","href":"https:\/\/api.w.org\/{rel}","templated":true}]}}