{"id":1776,"date":"2023-01-25T15:13:33","date_gmt":"2023-01-25T14:13:33","guid":{"rendered":"https:\/\/lleidaesportiu.futbol\/?p=1776"},"modified":"2023-02-09T10:28:48","modified_gmt":"2023-02-09T09:28:48","slug":"el-club-carrefour-nou-collaborador-del-lleida-esportiu","status":"publish","type":"post","link":"https:\/\/lleidacf.cat\/es\/el-club-carrefour-nou-collaborador-del-lleida-esportiu\/","title":{"rendered":"El Club Carrefour, colaborador del Lleida Esportiu!!!"},"content":{"rendered":"<p><strong>Ofrecer\u00e1n experiencias, vinculadas al conjunto azul, a los socios de El Club Carrefour.<\/strong><\/p>\n\n\n\n<p>El Lleida Esportiu y El Club Carrefour han llegado a un acuerdo para que el club de fidelizaci\u00f3n m\u00e1s importante del sector retail se convierta en nuevo colaborador oficial para esta temporada 2022\/23.<\/p>\n\n\n\n<p>Permitir\u00e1 que se desarrollen una serie de actividades basadas en experiencias destinadas a los socios de El Club Carrefour y de la afici\u00f3n azul. A trav\u00e9s de la comunidad de Facebook, <strong>El Club Carrefour Pe\u00f1a Lleida Esportiu<\/strong>, los socios podr\u00e1n acceder a experiencias exclusivas, concursos y contenidos relacionados con el Lleida Esportiu.<\/p>\n\n\n\n<p>El acuerdo lo han presentado el director general de Lleida Esportiu, Vicente Javaloyes, el director regional Catalu\u00f1a Sur de Carrefour, Juan Jos\u00e9 Nav\u00edo Carrillo y Alejandro Iglesias Rodr\u00edguez, director del hipermercado de Lleida. Han asistido el portero Ramon Vila y los jugadores Adri\u00e0 Pladevall y Loris Metller.<\/p>\n\n\n\n<p><\/p>\n\n\n\n<figure class=\"wp-block-gallery has-nested-images columns-default is-cropped wp-block-gallery-1 is-layout-flex wp-block-gallery-is-layout-flex\">\n<figure class=\"wp-block-image size-large\"><img fetchpriority=\"high\" decoding=\"async\" width=\"1024\" height=\"445\" data-id=\"1787\" src=\"https:\/\/lleidacf.cat\/wp-content\/uploads\/2023\/01\/CARREFOUR-0-1024x445.jpg\" alt=\"\" class=\"wp-image-1787\" srcset=\"https:\/\/lleidacf.cat\/wp-content\/uploads\/2023\/01\/CARREFOUR-0-1024x445.jpg 1024w, https:\/\/lleidacf.cat\/wp-content\/uploads\/2023\/01\/CARREFOUR-0-300x130.jpg 300w, https:\/\/lleidacf.cat\/wp-content\/uploads\/2023\/01\/CARREFOUR-0-768x334.jpg 768w, https:\/\/lleidacf.cat\/wp-content\/uploads\/2023\/01\/CARREFOUR-0-1536x667.jpg 1536w, https:\/\/lleidacf.cat\/wp-content\/uploads\/2023\/01\/CARREFOUR-0-2048x890.jpg 2048w, https:\/\/lleidacf.cat\/wp-content\/uploads\/2023\/01\/CARREFOUR-0-18x8.jpg 18w\" sizes=\"(max-width: 1024px) 100vw, 1024px\" \/><\/figure>\n\n\n\n<figure class=\"wp-block-image size-large\"><img decoding=\"async\" width=\"1024\" height=\"471\" data-id=\"1790\" src=\"https:\/\/lleidacf.cat\/wp-content\/uploads\/2023\/01\/CARREFOUR-3-1024x471.jpg\" alt=\"\" class=\"wp-image-1790\" srcset=\"https:\/\/lleidacf.cat\/wp-content\/uploads\/2023\/01\/CARREFOUR-3-1024x471.jpg 1024w, https:\/\/lleidacf.cat\/wp-content\/uploads\/2023\/01\/CARREFOUR-3-300x138.jpg 300w, https:\/\/lleidacf.cat\/wp-content\/uploads\/2023\/01\/CARREFOUR-3-768x353.jpg 768w, https:\/\/lleidacf.cat\/wp-content\/uploads\/2023\/01\/CARREFOUR-3-1536x706.jpg 1536w, https:\/\/lleidacf.cat\/wp-content\/uploads\/2023\/01\/CARREFOUR-3-2048x942.jpg 2048w, https:\/\/lleidacf.cat\/wp-content\/uploads\/2023\/01\/CARREFOUR-3-18x8.jpg 18w\" sizes=\"(max-width: 1024px) 100vw, 1024px\" \/><\/figure>\n\n\n\n<figure class=\"wp-block-image size-large\"><img decoding=\"async\" width=\"1024\" height=\"529\" data-id=\"1788\" src=\"https:\/\/lleidacf.cat\/wp-content\/uploads\/2023\/01\/CARREFOUR-1-1024x529.jpg\" alt=\"\" class=\"wp-image-1788\" srcset=\"https:\/\/lleidacf.cat\/wp-content\/uploads\/2023\/01\/CARREFOUR-1-1024x529.jpg 1024w, https:\/\/lleidacf.cat\/wp-content\/uploads\/2023\/01\/CARREFOUR-1-300x155.jpg 300w, https:\/\/lleidacf.cat\/wp-content\/uploads\/2023\/01\/CARREFOUR-1-768x397.jpg 768w, https:\/\/lleidacf.cat\/wp-content\/uploads\/2023\/01\/CARREFOUR-1-1536x794.jpg 1536w, https:\/\/lleidacf.cat\/wp-content\/uploads\/2023\/01\/CARREFOUR-1-2048x1058.jpg 2048w, https:\/\/lleidacf.cat\/wp-content\/uploads\/2023\/01\/CARREFOUR-1-18x9.jpg 18w\" sizes=\"(max-width: 1024px) 100vw, 1024px\" \/><\/figure>\n<\/figure>","protected":false},"excerpt":{"rendered":"<p>Ofrecer\u00e1n experiencias, vinculadas al conjunto azul, a los socios de El Club Carrefour. El Lleida Esportiu y El Club Carrefour han\u2026<\/p>","protected":false},"author":6,"featured_media":1789,"comment_status":"closed","ping_status":"open","sticky":false,"template":"","format":"standard","meta":{"footnotes":""},"categories":[36],"tags":[],"temporada":[32],"club":[23],"class_list":["post-1776","post","type-post","status-publish","format-standard","has-post-thumbnail","hentry","category-noticies","temporada-2022-2023","club-lleida-esportiu"],"_links":{"self":[{"href":"https:\/\/lleidacf.cat\/es\/wp-json\/wp\/v2\/posts\/1776","targetHints":{"allow":["GET"]}}],"collection":[{"href":"https:\/\/lleidacf.cat\/es\/wp-json\/wp\/v2\/posts"}],"about":[{"href":"https:\/\/lleidacf.cat\/es\/wp-json\/wp\/v2\/types\/post"}],"author":[{"embeddable":true,"href":"https:\/\/lleidacf.cat\/es\/wp-json\/wp\/v2\/users\/6"}],"replies":[{"embeddable":true,"href":"https:\/\/lleidacf.cat\/es\/wp-json\/wp\/v2\/comments?post=1776"}],"version-history":[{"count":0,"href":"https:\/\/lleidacf.cat\/es\/wp-json\/wp\/v2\/posts\/1776\/revisions"}],"wp:featuredmedia":[{"embeddable":true,"href":"https:\/\/lleidacf.cat\/es\/wp-json\/wp\/v2\/media\/1789"}],"wp:attachment":[{"href":"https:\/\/lleidacf.cat\/es\/wp-json\/wp\/v2\/media?parent=1776"}],"wp:term":[{"taxonomy":"category","embeddable":true,"href":"https:\/\/lleidacf.cat\/es\/wp-json\/wp\/v2\/categories?post=1776"},{"taxonomy":"post_tag","embeddable":true,"href":"https:\/\/lleidacf.cat\/es\/wp-json\/wp\/v2\/tags?post=1776"},{"taxonomy":"temporada","embeddable":true,"href":"https:\/\/lleidacf.cat\/es\/wp-json\/wp\/v2\/temporada?post=1776"},{"taxonomy":"club","embeddable":true,"href":"https:\/\/lleidacf.cat\/es\/wp-json\/wp\/v2\/club?post=1776"}],"curies":[{"name":"wp","href":"https:\/\/api.w.org\/{rel}","templated":true}]}}