{"id":1798,"date":"2023-01-27T15:26:02","date_gmt":"2023-01-27T14:26:02","guid":{"rendered":"https:\/\/lleidaesportiu.futbol\/?p=1798"},"modified":"2023-02-04T17:51:28","modified_gmt":"2023-02-04T16:51:28","slug":"sinergia-entre-el-lleida-esportiu-i-el-pardinyes-club-futbol-sala","status":"publish","type":"post","link":"https:\/\/lleidacf.cat\/es\/sinergia-entre-el-lleida-esportiu-i-el-pardinyes-club-futbol-sala\/","title":{"rendered":"Sinergia entre el Lleida Esportiu y el Pardinyes Club F\u00fatbol Sala."},"content":{"rendered":"<p>El director general del Lleida Esportiu, Vicente Javaloyes, y el presidente del Pardinyes Club F\u00fatbol Sala, Carlos Vidal de la Cuesta, se han reunido para establecer sinergias que puedan beneficiar a ambos clubs ya sus respectivas aficiones.<\/p>\n\n\n\n<p>Ambos han manifestado su intenci\u00f3n de encontrar f\u00f3rmulas que propicien una mayor conexi\u00f3n entre las diferentes disciplinas, en este caso, el f\u00fatbol y el f\u00fatbol sala, tanto en las categor\u00edas masculinas como en la femenina, de la que dispone el Pardinyes.<\/p>","protected":false},"excerpt":{"rendered":"<p>El director general del Lleida Esportiu, Vicente Javaloyes, y el presidente del Pardinyes Club F\u00fatbol Sala, Carlos Vidal de la\u2026<\/p>","protected":false},"author":6,"featured_media":1799,"comment_status":"closed","ping_status":"open","sticky":false,"template":"","format":"standard","meta":{"footnotes":""},"categories":[36],"tags":[],"temporada":[32],"club":[23],"class_list":["post-1798","post","type-post","status-publish","format-standard","has-post-thumbnail","hentry","category-noticies","temporada-2022-2023","club-lleida-esportiu"],"_links":{"self":[{"href":"https:\/\/lleidacf.cat\/es\/wp-json\/wp\/v2\/posts\/1798","targetHints":{"allow":["GET"]}}],"collection":[{"href":"https:\/\/lleidacf.cat\/es\/wp-json\/wp\/v2\/posts"}],"about":[{"href":"https:\/\/lleidacf.cat\/es\/wp-json\/wp\/v2\/types\/post"}],"author":[{"embeddable":true,"href":"https:\/\/lleidacf.cat\/es\/wp-json\/wp\/v2\/users\/6"}],"replies":[{"embeddable":true,"href":"https:\/\/lleidacf.cat\/es\/wp-json\/wp\/v2\/comments?post=1798"}],"version-history":[{"count":0,"href":"https:\/\/lleidacf.cat\/es\/wp-json\/wp\/v2\/posts\/1798\/revisions"}],"wp:featuredmedia":[{"embeddable":true,"href":"https:\/\/lleidacf.cat\/es\/wp-json\/wp\/v2\/media\/1799"}],"wp:attachment":[{"href":"https:\/\/lleidacf.cat\/es\/wp-json\/wp\/v2\/media?parent=1798"}],"wp:term":[{"taxonomy":"category","embeddable":true,"href":"https:\/\/lleidacf.cat\/es\/wp-json\/wp\/v2\/categories?post=1798"},{"taxonomy":"post_tag","embeddable":true,"href":"https:\/\/lleidacf.cat\/es\/wp-json\/wp\/v2\/tags?post=1798"},{"taxonomy":"temporada","embeddable":true,"href":"https:\/\/lleidacf.cat\/es\/wp-json\/wp\/v2\/temporada?post=1798"},{"taxonomy":"club","embeddable":true,"href":"https:\/\/lleidacf.cat\/es\/wp-json\/wp\/v2\/club?post=1798"}],"curies":[{"name":"wp","href":"https:\/\/api.w.org\/{rel}","templated":true}]}}