{"id":1806,"date":"2023-01-31T13:18:30","date_gmt":"2023-01-31T12:18:30","guid":{"rendered":"https:\/\/lleidaesportiu.futbol\/?p=1806"},"modified":"2023-02-04T17:51:28","modified_gmt":"2023-02-04T16:51:28","slug":"el-lleida-esportiu-safegeix-a-la-setmana-de-conscienciacio-per-a-la-prevencio-del-cancer","status":"publish","type":"post","link":"https:\/\/lleidacf.cat\/es\/el-lleida-esportiu-safegeix-a-la-setmana-de-conscienciacio-per-a-la-prevencio-del-cancer\/","title":{"rendered":"\u00a1El Lleida Esportiu se a\u00f1ade a la Semana de Concienciaci\u00f3n para la prevenci\u00f3n del c\u00e1ncer!"},"content":{"rendered":"<p>Dedicaremos, a la causa, el partido entre el Lleida Esportiu-Valencia Mestalla, de domingo 5 de febrero a las 12:00 horas.<\/p>\n\n\n\n<p>El c\u00e1ncer es una enfermedad que se calcula que, en 7 a\u00f1os, sufrir\u00e1n 1 de cada 3 hombres y 1 de cada 2 mujeres. Hoy en d\u00eda se diagnostican, cada hora, 32 nuevos casos. Aunque los \u00edndices de supervivencia son cada vez m\u00e1s elevados, a nivel general, no ocurre as\u00ed en los tumores de p\u00e1ncreas, es\u00f3fago, h\u00edgado y pulm\u00f3n. Invertir en investigaci\u00f3n es clave para revertir la mortalidad.<\/p>\n\n\n\n<p>La iniciativa \u201cTodos Contra el C\u00e1ncer\u201d, declarada Evento de Excepcional de Inter\u00e9s P\u00fablico, es una oportunidad para movilizar a la sociedad sobre la importancia de sumar recursos y capacidades en un gran programa de acci\u00f3n que incremente las posibilidades para desarrollar proyectos de prevenci\u00f3n, de investigaci\u00f3n, de atenci\u00f3n y de divulgaci\u00f3n que consigan hasta un 70% de supervivencia en c\u00e1ncer, en 2030.<\/p>\n\n\n\n<p>El s\u00e1bado 4 de febrero se conmemora el D\u00eda Mundial contra el c\u00e1ncer y la suma de esfuerzos y recursos puede hacer que, entre todos, contribuyamos a frenar el aumento de casos. <\/p>\n\n\n\n<p>Te esperamos el domingo d\u00eda 5 en el Camp d&#039;Esports!!! <a href=\"https:\/\/www.contraelcancer.es\/es\/sobre-nosotros\/donde-estamos\/sede-lleida\" target=\"_blank\" rel=\"noopener\">@contraelcancer.lleida<\/a><\/p>\n\n\n\n<p><\/p>","protected":false},"excerpt":{"rendered":"<p>Dedicaremos, a la causa, el partido entre el Lleida Esportiu-Valencia Mestalla, de domingo 5 de febrero a las 12:00 horas\u2026.<\/p>","protected":false},"author":6,"featured_media":1809,"comment_status":"closed","ping_status":"open","sticky":false,"template":"","format":"standard","meta":{"footnotes":""},"categories":[36,1],"tags":[],"temporada":[32],"club":[23],"class_list":["post-1806","post","type-post","status-publish","format-standard","has-post-thumbnail","hentry","category-noticies","category-rsc","temporada-2022-2023","club-lleida-esportiu"],"_links":{"self":[{"href":"https:\/\/lleidacf.cat\/es\/wp-json\/wp\/v2\/posts\/1806","targetHints":{"allow":["GET"]}}],"collection":[{"href":"https:\/\/lleidacf.cat\/es\/wp-json\/wp\/v2\/posts"}],"about":[{"href":"https:\/\/lleidacf.cat\/es\/wp-json\/wp\/v2\/types\/post"}],"author":[{"embeddable":true,"href":"https:\/\/lleidacf.cat\/es\/wp-json\/wp\/v2\/users\/6"}],"replies":[{"embeddable":true,"href":"https:\/\/lleidacf.cat\/es\/wp-json\/wp\/v2\/comments?post=1806"}],"version-history":[{"count":0,"href":"https:\/\/lleidacf.cat\/es\/wp-json\/wp\/v2\/posts\/1806\/revisions"}],"wp:featuredmedia":[{"embeddable":true,"href":"https:\/\/lleidacf.cat\/es\/wp-json\/wp\/v2\/media\/1809"}],"wp:attachment":[{"href":"https:\/\/lleidacf.cat\/es\/wp-json\/wp\/v2\/media?parent=1806"}],"wp:term":[{"taxonomy":"category","embeddable":true,"href":"https:\/\/lleidacf.cat\/es\/wp-json\/wp\/v2\/categories?post=1806"},{"taxonomy":"post_tag","embeddable":true,"href":"https:\/\/lleidacf.cat\/es\/wp-json\/wp\/v2\/tags?post=1806"},{"taxonomy":"temporada","embeddable":true,"href":"https:\/\/lleidacf.cat\/es\/wp-json\/wp\/v2\/temporada?post=1806"},{"taxonomy":"club","embeddable":true,"href":"https:\/\/lleidacf.cat\/es\/wp-json\/wp\/v2\/club?post=1806"}],"curies":[{"name":"wp","href":"https:\/\/api.w.org\/{rel}","templated":true}]}}