{"id":1822,"date":"2023-02-02T16:03:40","date_gmt":"2023-02-02T15:03:40","guid":{"rendered":"https:\/\/lleidaesportiu.futbol\/?p=1822"},"modified":"2023-02-04T17:51:28","modified_gmt":"2023-02-04T16:51:28","slug":"toni-seligrat-marxa-del-lleida-esportiu-al-fitxar-com-a-segon-entrenador-del-valencia","status":"publish","type":"post","link":"https:\/\/lleidacf.cat\/es\/toni-seligrat-marxa-del-lleida-esportiu-al-fitxar-com-a-segon-entrenador-del-valencia\/","title":{"rendered":"<strong>Toni Seligrat se marcha del Lleida Esportiu al fichar como segundo entrenador del Valencia.<\/strong>"},"content":{"rendered":"<p><strong>El t\u00e9cnico no pudo rechazar la inesperada propuesta al tratarse de un primera divisi\u00f3n y el club de su tierra natal.<\/strong><\/p>\n\n\n\n<p>El entrenador del Lleida Esportiu comunicaba esta noche al club y hoy, tras el entrenamiento, a los jugadores su decisi\u00f3n de irse como segundo de Salvador Gonz\u00e1lez Marco, Voro, que se ha hecho cargo del banquillo del Valencia. Toni Seligrat recibi\u00f3 una primera llamada el martes y ayer decidi\u00f3 aceptar una oportunidad excepcional de formar parte de un club de primer nivel, el de su tierra.<\/p>\n\n\n\n<p>En rueda de prensa ha explicado la ambivalente sensaci\u00f3n de alegr\u00eda por la noticia, por un lado, y de tristeza, por otro, por el hecho de salir del club azul cuando apenas iniciaba el reto estimulante de contribuir a mejorar su posici\u00f3n dentro de la 2a RFEF. El m\u00edster ha tenido palabras de agradecimiento para la plantilla, la directiva, la afici\u00f3n, la gente y la ciudad por lo valorado y respetado que se ha sentido durante las semanas en las que ha liderado el banquillo azul.<\/p>\n\n\n\n<p>El director general del Lleida Esportiu ha explicado que el club no puede dificultar en modo alguno el futuro de Seligrat, que siempre ha esperado dar un pr\u00f3ximo paso profesional como el que ahora se le presenta. Vicente Javaloyes ha dicho que el club se queda sin un grand\u00edsimo entrenador por el que todo el mundo hab\u00eda apostado y le ha asegurado que \u00e9sta ser\u00e1 siempre su casa.&nbsp;<\/p>\n\n\n\n<figure class=\"wp-block-gallery has-nested-images columns-default is-cropped wp-block-gallery-1 is-layout-flex wp-block-gallery-is-layout-flex\">\n<figure class=\"wp-block-image size-large\"><img fetchpriority=\"high\" decoding=\"async\" width=\"1024\" height=\"675\" data-id=\"1823\" src=\"https:\/\/lleidacf.cat\/wp-content\/uploads\/2023\/02\/SELIGRAT-2-FEBRER-2023-1-1024x675.jpeg\" alt=\"\" class=\"wp-image-1823\" srcset=\"https:\/\/lleidacf.cat\/wp-content\/uploads\/2023\/02\/SELIGRAT-2-FEBRER-2023-1-1024x675.jpeg 1024w, https:\/\/lleidacf.cat\/wp-content\/uploads\/2023\/02\/SELIGRAT-2-FEBRER-2023-1-300x198.jpeg 300w, https:\/\/lleidacf.cat\/wp-content\/uploads\/2023\/02\/SELIGRAT-2-FEBRER-2023-1-768x506.jpeg 768w, https:\/\/lleidacf.cat\/wp-content\/uploads\/2023\/02\/SELIGRAT-2-FEBRER-2023-1-1536x1012.jpeg 1536w, https:\/\/lleidacf.cat\/wp-content\/uploads\/2023\/02\/SELIGRAT-2-FEBRER-2023-1-18x12.jpeg 18w, https:\/\/lleidacf.cat\/wp-content\/uploads\/2023\/02\/SELIGRAT-2-FEBRER-2023-1.jpeg 1552w\" sizes=\"(max-width: 1024px) 100vw, 1024px\" \/><\/figure>\n\n\n\n<figure class=\"wp-block-image size-large\"><img decoding=\"async\" width=\"1024\" height=\"692\" data-id=\"1825\" src=\"https:\/\/lleidacf.cat\/wp-content\/uploads\/2023\/02\/SELIGRAT-2-FEBRER-ABRAC-1024x692.jpeg\" alt=\"\" class=\"wp-image-1825\" srcset=\"https:\/\/lleidacf.cat\/wp-content\/uploads\/2023\/02\/SELIGRAT-2-FEBRER-ABRAC-1024x692.jpeg 1024w, https:\/\/lleidacf.cat\/wp-content\/uploads\/2023\/02\/SELIGRAT-2-FEBRER-ABRAC-300x203.jpeg 300w, https:\/\/lleidacf.cat\/wp-content\/uploads\/2023\/02\/SELIGRAT-2-FEBRER-ABRAC-768x519.jpeg 768w, https:\/\/lleidacf.cat\/wp-content\/uploads\/2023\/02\/SELIGRAT-2-FEBRER-ABRAC-1536x1038.jpeg 1536w, https:\/\/lleidacf.cat\/wp-content\/uploads\/2023\/02\/SELIGRAT-2-FEBRER-ABRAC-18x12.jpeg 18w, https:\/\/lleidacf.cat\/wp-content\/uploads\/2023\/02\/SELIGRAT-2-FEBRER-ABRAC.jpeg 1540w\" sizes=\"(max-width: 1024px) 100vw, 1024px\" \/><\/figure>\n<\/figure>","protected":false},"excerpt":{"rendered":"<p>El t\u00e9cnico no ha podido rechazar la inesperada propuesta al tratarse de un primera divisi\u00f3n y el club de su\u2026<\/p>","protected":false},"author":6,"featured_media":1824,"comment_status":"closed","ping_status":"open","sticky":false,"template":"","format":"standard","meta":{"footnotes":""},"categories":[36],"tags":[],"temporada":[32],"club":[23],"class_list":["post-1822","post","type-post","status-publish","format-standard","has-post-thumbnail","hentry","category-noticies","temporada-2022-2023","club-lleida-esportiu"],"_links":{"self":[{"href":"https:\/\/lleidacf.cat\/es\/wp-json\/wp\/v2\/posts\/1822","targetHints":{"allow":["GET"]}}],"collection":[{"href":"https:\/\/lleidacf.cat\/es\/wp-json\/wp\/v2\/posts"}],"about":[{"href":"https:\/\/lleidacf.cat\/es\/wp-json\/wp\/v2\/types\/post"}],"author":[{"embeddable":true,"href":"https:\/\/lleidacf.cat\/es\/wp-json\/wp\/v2\/users\/6"}],"replies":[{"embeddable":true,"href":"https:\/\/lleidacf.cat\/es\/wp-json\/wp\/v2\/comments?post=1822"}],"version-history":[{"count":0,"href":"https:\/\/lleidacf.cat\/es\/wp-json\/wp\/v2\/posts\/1822\/revisions"}],"wp:featuredmedia":[{"embeddable":true,"href":"https:\/\/lleidacf.cat\/es\/wp-json\/wp\/v2\/media\/1824"}],"wp:attachment":[{"href":"https:\/\/lleidacf.cat\/es\/wp-json\/wp\/v2\/media?parent=1822"}],"wp:term":[{"taxonomy":"category","embeddable":true,"href":"https:\/\/lleidacf.cat\/es\/wp-json\/wp\/v2\/categories?post=1822"},{"taxonomy":"post_tag","embeddable":true,"href":"https:\/\/lleidacf.cat\/es\/wp-json\/wp\/v2\/tags?post=1822"},{"taxonomy":"temporada","embeddable":true,"href":"https:\/\/lleidacf.cat\/es\/wp-json\/wp\/v2\/temporada?post=1822"},{"taxonomy":"club","embeddable":true,"href":"https:\/\/lleidacf.cat\/es\/wp-json\/wp\/v2\/club?post=1822"}],"curies":[{"name":"wp","href":"https:\/\/api.w.org\/{rel}","templated":true}]}}