{"id":1905,"date":"2023-02-04T18:27:06","date_gmt":"2023-02-04T17:27:06","guid":{"rendered":"https:\/\/lleidaesportiu.futbol\/?p=1905"},"modified":"2023-02-07T18:55:25","modified_gmt":"2023-02-07T17:55:25","slug":"angel-viadero-arriba-al-lleida-esportiu-amb-el-repte-de-fer-de-lequip-un-conjunt-cada-cop-mes-competitiu","status":"publish","type":"post","link":"https:\/\/lleidacf.cat\/es\/angel-viadero-arriba-al-lleida-esportiu-amb-el-repte-de-fer-de-lequip-un-conjunt-cada-cop-mes-competitiu\/","title":{"rendered":"\u00c1ngel Viadero llega al Lleida Esportiu con el reto de hacer del equipo un conjunto cada vez m\u00e1s competitivo."},"content":{"rendered":"<p><strong>El c\u00e1ntabro agradece la confianza depositada en \u00e9l por hacerse cargo del banquillo azul.<\/strong><\/p>\n\n\n\n<p>El nuevo entrenador del Lleida Esportiu asegura sentirse muy bien acogido y amparado en su apresurada llegada al Lleida Esportiu y con ganas de estrenarse en el Campo de Deportes que ha calificado de &#039;estadio de lujo en esta categor\u00eda&#039;.<\/p>\n\n\n\n<p>Viadero ha explicado que est\u00e1 tratando de adaptarse con mucha prudencia intentando no saturar a los jugadores que han tenido que cambiar tres golpes de entrenador esta temporada. Estas primeras horas est\u00e1 tratando de documentarse para saber cu\u00e1les son todos los recursos de los que dispone para disputar, ma\u00f1ana domingo, el primer partido ante el Valencia Mestalla y concentrado en ayudar de forma inteligente a la plantilla. Les ha pedido que refresquen todo lo positivo que tienen tanto de forma individual como colectiva. Tambi\u00e9n les pide ser l\u00edderes en el campo y salgan a ofrecer su mejor versi\u00f3n con capacidad y personalidad para hacer frente a cualquiera de las situaciones que puedan producirse.<\/p>\n\n\n\n<p>El t\u00e9cnico asegura que ha detectado en el vestuario mucha ilusi\u00f3n y sensibilidad y explica que su sistema t\u00e1ctico depender\u00e1 de las caracter\u00edsticas de los jugadores aunque pretende establecer un equilibrio en la dualidad entre ataques y defensa.<\/p>\n\n\n\n<figure class=\"wp-block-gallery has-nested-images columns-default is-cropped wp-block-gallery-1 is-layout-flex wp-block-gallery-is-layout-flex\">\n<figure class=\"wp-block-image size-large\"><img fetchpriority=\"high\" decoding=\"async\" width=\"1024\" height=\"714\" data-id=\"1906\" src=\"https:\/\/lleidacf.cat\/wp-content\/uploads\/2023\/02\/ANGEL-PRESENTACIO-1-1024x714.jpeg\" alt=\"\" class=\"wp-image-1906\" srcset=\"https:\/\/lleidacf.cat\/wp-content\/uploads\/2023\/02\/ANGEL-PRESENTACIO-1-1024x714.jpeg 1024w, https:\/\/lleidacf.cat\/wp-content\/uploads\/2023\/02\/ANGEL-PRESENTACIO-1-300x209.jpeg 300w, https:\/\/lleidacf.cat\/wp-content\/uploads\/2023\/02\/ANGEL-PRESENTACIO-1-768x535.jpeg 768w, https:\/\/lleidacf.cat\/wp-content\/uploads\/2023\/02\/ANGEL-PRESENTACIO-1-1536x1071.jpeg 1536w, https:\/\/lleidacf.cat\/wp-content\/uploads\/2023\/02\/ANGEL-PRESENTACIO-1-18x12.jpeg 18w, https:\/\/lleidacf.cat\/wp-content\/uploads\/2023\/02\/ANGEL-PRESENTACIO-1.jpeg 1911w\" sizes=\"(max-width: 1024px) 100vw, 1024px\" \/><\/figure>\n\n\n\n<figure class=\"wp-block-image size-large\"><img decoding=\"async\" width=\"1024\" height=\"693\" data-id=\"1908\" src=\"https:\/\/lleidacf.cat\/wp-content\/uploads\/2023\/02\/ANGEL-PRESENTACIO-3-1024x693.jpeg\" alt=\"\" class=\"wp-image-1908\" srcset=\"https:\/\/lleidacf.cat\/wp-content\/uploads\/2023\/02\/ANGEL-PRESENTACIO-3-1024x693.jpeg 1024w, https:\/\/lleidacf.cat\/wp-content\/uploads\/2023\/02\/ANGEL-PRESENTACIO-3-300x203.jpeg 300w, https:\/\/lleidacf.cat\/wp-content\/uploads\/2023\/02\/ANGEL-PRESENTACIO-3-768x520.jpeg 768w, https:\/\/lleidacf.cat\/wp-content\/uploads\/2023\/02\/ANGEL-PRESENTACIO-3-1536x1040.jpeg 1536w, https:\/\/lleidacf.cat\/wp-content\/uploads\/2023\/02\/ANGEL-PRESENTACIO-3-18x12.jpeg 18w, https:\/\/lleidacf.cat\/wp-content\/uploads\/2023\/02\/ANGEL-PRESENTACIO-3.jpeg 1812w\" sizes=\"(max-width: 1024px) 100vw, 1024px\" \/><\/figure>\n<\/figure>","protected":false},"excerpt":{"rendered":"<p>El c\u00e1ntabro agradece la confianza depositada en \u00e9l por hacerse cargo del banquillo azul. El nuevo entrenador del Lleida\u2026<\/p>","protected":false},"author":6,"featured_media":1909,"comment_status":"closed","ping_status":"open","sticky":false,"template":"","format":"standard","meta":{"footnotes":""},"categories":[36],"tags":[],"temporada":[],"club":[23],"class_list":["post-1905","post","type-post","status-publish","format-standard","has-post-thumbnail","hentry","category-noticies","club-lleida-esportiu"],"_links":{"self":[{"href":"https:\/\/lleidacf.cat\/es\/wp-json\/wp\/v2\/posts\/1905","targetHints":{"allow":["GET"]}}],"collection":[{"href":"https:\/\/lleidacf.cat\/es\/wp-json\/wp\/v2\/posts"}],"about":[{"href":"https:\/\/lleidacf.cat\/es\/wp-json\/wp\/v2\/types\/post"}],"author":[{"embeddable":true,"href":"https:\/\/lleidacf.cat\/es\/wp-json\/wp\/v2\/users\/6"}],"replies":[{"embeddable":true,"href":"https:\/\/lleidacf.cat\/es\/wp-json\/wp\/v2\/comments?post=1905"}],"version-history":[{"count":0,"href":"https:\/\/lleidacf.cat\/es\/wp-json\/wp\/v2\/posts\/1905\/revisions"}],"wp:featuredmedia":[{"embeddable":true,"href":"https:\/\/lleidacf.cat\/es\/wp-json\/wp\/v2\/media\/1909"}],"wp:attachment":[{"href":"https:\/\/lleidacf.cat\/es\/wp-json\/wp\/v2\/media?parent=1905"}],"wp:term":[{"taxonomy":"category","embeddable":true,"href":"https:\/\/lleidacf.cat\/es\/wp-json\/wp\/v2\/categories?post=1905"},{"taxonomy":"post_tag","embeddable":true,"href":"https:\/\/lleidacf.cat\/es\/wp-json\/wp\/v2\/tags?post=1905"},{"taxonomy":"temporada","embeddable":true,"href":"https:\/\/lleidacf.cat\/es\/wp-json\/wp\/v2\/temporada?post=1905"},{"taxonomy":"club","embeddable":true,"href":"https:\/\/lleidacf.cat\/es\/wp-json\/wp\/v2\/club?post=1905"}],"curies":[{"name":"wp","href":"https:\/\/api.w.org\/{rel}","templated":true}]}}