{"id":1999,"date":"2023-02-10T14:29:51","date_gmt":"2023-02-10T13:29:51","guid":{"rendered":"https:\/\/lleidaesportiu.futbol\/?p=1999"},"modified":"2023-02-10T14:59:25","modified_gmt":"2023-02-10T13:59:25","slug":"joan-campins-sincorpora-al-club-blau-amb-la-maxima-disposicio-per-aportar-valor-gracies-a-la-seva-polivalencia-per-ocupar-diferents-posicions-dins-el-joc","status":"publish","type":"post","link":"https:\/\/lleidacf.cat\/es\/joan-campins-sincorpora-al-club-blau-amb-la-maxima-disposicio-per-aportar-valor-gracies-a-la-seva-polivalencia-per-ocupar-diferents-posicions-dins-el-joc\/","title":{"rendered":"<strong>Joan Campins se incorpora al club azul con la m\u00e1xima disposici\u00f3n para aportar valor gracias a su polivalencia por ocupar diferentes posiciones dentro del juego.<\/strong>"},"content":{"rendered":"<p><strong>El mallorqu\u00edn, de veintisiete a\u00f1os, asegura que la magnitud del club y la din\u00e1mica del vestuario le han convencido para querer sumarse a un proyecto que puede aspirar a estar mucho m\u00e1s arriba.<\/strong><\/p>\n\n\n\n<p>Sus primeras sensaciones le llevan a considerar que la plantilla lo tiene todo para dar una positiva segunda vuelta: condiciones y din\u00e1micas de entrenamiento y los aspectos t\u00e1cticos que est\u00e1 imprimiendo el nuevo m\u00edster, \u00c1ngel Viadero con el que ya se ha entrenado esta ma\u00f1ana.<\/p>\n\n\n\n<p>En cuanto al grupo dice que ha detectado valores que le permiten confiar en que el equipo y el proyecto saldr\u00e1 adelante; cuidando los detalles y reforzando el aspecto mental est\u00e1 convencido de que existe margen para garantizar un buen final de temporada para el Lleida Esportiu.<\/p>\n\n\n\n<p>Desde el club est\u00e1n convencidos de que la amplia experiencia del defensa tanto en la Segunda Divisi\u00f3n como en la Primera RFEF, de donde procede, ofrecer\u00e1n un salto cualitativo de nivel al club leridano.<\/p>\n\n\n\n<figure class=\"wp-block-image size-large\"><img fetchpriority=\"high\" decoding=\"async\" width=\"1024\" height=\"683\" src=\"https:\/\/lleidacf.cat\/wp-content\/uploads\/2023\/02\/PRESENTACIO-CAMPINS-1-1024x683.jpg\" alt=\"\" class=\"wp-image-2001\" srcset=\"https:\/\/lleidacf.cat\/wp-content\/uploads\/2023\/02\/PRESENTACIO-CAMPINS-1-1024x683.jpg 1024w, https:\/\/lleidacf.cat\/wp-content\/uploads\/2023\/02\/PRESENTACIO-CAMPINS-1-300x200.jpg 300w, https:\/\/lleidacf.cat\/wp-content\/uploads\/2023\/02\/PRESENTACIO-CAMPINS-1-768x512.jpg 768w, https:\/\/lleidacf.cat\/wp-content\/uploads\/2023\/02\/PRESENTACIO-CAMPINS-1-1536x1024.jpg 1536w, https:\/\/lleidacf.cat\/wp-content\/uploads\/2023\/02\/PRESENTACIO-CAMPINS-1-2048x1365.jpg 2048w, https:\/\/lleidacf.cat\/wp-content\/uploads\/2023\/02\/PRESENTACIO-CAMPINS-1-18x12.jpg 18w\" sizes=\"(max-width: 1024px) 100vw, 1024px\" \/><\/figure>","protected":false},"excerpt":{"rendered":"<p>El mallorqu\u00edn, de veintisiete a\u00f1os, asegura que la magnitud del club y la din\u00e1mica del vestuario le han convencido de querer\u2026<\/p>","protected":false},"author":6,"featured_media":2009,"comment_status":"closed","ping_status":"open","sticky":false,"template":"","format":"standard","meta":{"footnotes":""},"categories":[36],"tags":[],"temporada":[],"club":[23],"class_list":["post-1999","post","type-post","status-publish","format-standard","has-post-thumbnail","hentry","category-noticies","club-lleida-esportiu"],"_links":{"self":[{"href":"https:\/\/lleidacf.cat\/es\/wp-json\/wp\/v2\/posts\/1999","targetHints":{"allow":["GET"]}}],"collection":[{"href":"https:\/\/lleidacf.cat\/es\/wp-json\/wp\/v2\/posts"}],"about":[{"href":"https:\/\/lleidacf.cat\/es\/wp-json\/wp\/v2\/types\/post"}],"author":[{"embeddable":true,"href":"https:\/\/lleidacf.cat\/es\/wp-json\/wp\/v2\/users\/6"}],"replies":[{"embeddable":true,"href":"https:\/\/lleidacf.cat\/es\/wp-json\/wp\/v2\/comments?post=1999"}],"version-history":[{"count":0,"href":"https:\/\/lleidacf.cat\/es\/wp-json\/wp\/v2\/posts\/1999\/revisions"}],"wp:featuredmedia":[{"embeddable":true,"href":"https:\/\/lleidacf.cat\/es\/wp-json\/wp\/v2\/media\/2009"}],"wp:attachment":[{"href":"https:\/\/lleidacf.cat\/es\/wp-json\/wp\/v2\/media?parent=1999"}],"wp:term":[{"taxonomy":"category","embeddable":true,"href":"https:\/\/lleidacf.cat\/es\/wp-json\/wp\/v2\/categories?post=1999"},{"taxonomy":"post_tag","embeddable":true,"href":"https:\/\/lleidacf.cat\/es\/wp-json\/wp\/v2\/tags?post=1999"},{"taxonomy":"temporada","embeddable":true,"href":"https:\/\/lleidacf.cat\/es\/wp-json\/wp\/v2\/temporada?post=1999"},{"taxonomy":"club","embeddable":true,"href":"https:\/\/lleidacf.cat\/es\/wp-json\/wp\/v2\/club?post=1999"}],"curies":[{"name":"wp","href":"https:\/\/api.w.org\/{rel}","templated":true}]}}