{"id":2064,"date":"2023-02-24T15:31:19","date_gmt":"2023-02-24T14:31:19","guid":{"rendered":"https:\/\/lleidaesportiu.futbol\/?p=2064"},"modified":"2023-02-28T12:09:42","modified_gmt":"2023-02-28T11:09:42","slug":"el-mitic-seat-600-de-lantonio-martin-i-la-teresa-farre-acompanyara-al-lleida-esportiu-a-manresa","status":"publish","type":"post","link":"https:\/\/lleidacf.cat\/es\/el-mitic-seat-600-de-lantonio-martin-i-la-teresa-farre-acompanyara-al-lleida-esportiu-a-manresa\/","title":{"rendered":"El m\u00edtico Seat 600 de Antonio Mart\u00edn y Teresa Farr\u00e9 acompa\u00f1ar\u00e1 al Lleida Esportiu en Manresa!!!"},"content":{"rendered":"<p><\/p>\n\n\n\n<p>El 600 con el coraz\u00f3n m\u00e1s azul de todos se desplazar\u00e1, este domingo, hasta Manresa para apoyar el Lleida Esportiu en el partido que disputar\u00e1 el equipo en el nuevo estadio municipal Congost.  <\/p>\n\n\n\n<p>El veh\u00edculo est\u00e1 a punto de cumplir sesenta a\u00f1os y ha acompa\u00f1ado a la plantilla azul en m\u00e1s de una veintena de viajes, a lo largo de su historia, recorriendo m\u00e1s de 20.000 kil\u00f3metros. \u00c9ste es el primero que hacen esta temporada.  <\/p>\n\n\n\n<p>Muchas gracias, Antonio Mart\u00edn y Teresa Farr\u00e9, por su apoyo de siempre!!!<\/p>\n\n\n\n<p><\/p>\n\n\n\n<figure class=\"wp-block-image size-large\"><img fetchpriority=\"high\" decoding=\"async\" width=\"1024\" height=\"681\" src=\"https:\/\/lleidacf.cat\/wp-content\/uploads\/2023\/02\/SEAT-600-ANTONIO-MARTIN-I-TERESA-FARRE-1024x681.jpeg\" alt=\"\" class=\"wp-image-2065\" srcset=\"https:\/\/lleidacf.cat\/wp-content\/uploads\/2023\/02\/SEAT-600-ANTONIO-MARTIN-I-TERESA-FARRE-1024x681.jpeg 1024w, https:\/\/lleidacf.cat\/wp-content\/uploads\/2023\/02\/SEAT-600-ANTONIO-MARTIN-I-TERESA-FARRE-300x200.jpeg 300w, https:\/\/lleidacf.cat\/wp-content\/uploads\/2023\/02\/SEAT-600-ANTONIO-MARTIN-I-TERESA-FARRE-768x511.jpeg 768w, https:\/\/lleidacf.cat\/wp-content\/uploads\/2023\/02\/SEAT-600-ANTONIO-MARTIN-I-TERESA-FARRE-1536x1022.jpeg 1536w, https:\/\/lleidacf.cat\/wp-content\/uploads\/2023\/02\/SEAT-600-ANTONIO-MARTIN-I-TERESA-FARRE-18x12.jpeg 18w, https:\/\/lleidacf.cat\/wp-content\/uploads\/2023\/02\/SEAT-600-ANTONIO-MARTIN-I-TERESA-FARRE.jpeg 2048w\" sizes=\"(max-width: 1024px) 100vw, 1024px\" \/><\/figure>","protected":false},"excerpt":{"rendered":"<p>El 600 con el coraz\u00f3n m\u00e1s azul de todos se desplazar\u00e1, este domingo, hasta Manresa para apoyar\u2026<\/p>","protected":false},"author":6,"featured_media":2084,"comment_status":"closed","ping_status":"open","sticky":false,"template":"","format":"standard","meta":{"footnotes":""},"categories":[36],"tags":[],"temporada":[32],"club":[23],"class_list":["post-2064","post","type-post","status-publish","format-standard","has-post-thumbnail","hentry","category-noticies","temporada-2022-2023","club-lleida-esportiu"],"_links":{"self":[{"href":"https:\/\/lleidacf.cat\/es\/wp-json\/wp\/v2\/posts\/2064","targetHints":{"allow":["GET"]}}],"collection":[{"href":"https:\/\/lleidacf.cat\/es\/wp-json\/wp\/v2\/posts"}],"about":[{"href":"https:\/\/lleidacf.cat\/es\/wp-json\/wp\/v2\/types\/post"}],"author":[{"embeddable":true,"href":"https:\/\/lleidacf.cat\/es\/wp-json\/wp\/v2\/users\/6"}],"replies":[{"embeddable":true,"href":"https:\/\/lleidacf.cat\/es\/wp-json\/wp\/v2\/comments?post=2064"}],"version-history":[{"count":0,"href":"https:\/\/lleidacf.cat\/es\/wp-json\/wp\/v2\/posts\/2064\/revisions"}],"wp:featuredmedia":[{"embeddable":true,"href":"https:\/\/lleidacf.cat\/es\/wp-json\/wp\/v2\/media\/2084"}],"wp:attachment":[{"href":"https:\/\/lleidacf.cat\/es\/wp-json\/wp\/v2\/media?parent=2064"}],"wp:term":[{"taxonomy":"category","embeddable":true,"href":"https:\/\/lleidacf.cat\/es\/wp-json\/wp\/v2\/categories?post=2064"},{"taxonomy":"post_tag","embeddable":true,"href":"https:\/\/lleidacf.cat\/es\/wp-json\/wp\/v2\/tags?post=2064"},{"taxonomy":"temporada","embeddable":true,"href":"https:\/\/lleidacf.cat\/es\/wp-json\/wp\/v2\/temporada?post=2064"},{"taxonomy":"club","embeddable":true,"href":"https:\/\/lleidacf.cat\/es\/wp-json\/wp\/v2\/club?post=2064"}],"curies":[{"name":"wp","href":"https:\/\/api.w.org\/{rel}","templated":true}]}}