{"id":2111,"date":"2023-03-04T09:59:06","date_gmt":"2023-03-04T08:59:06","guid":{"rendered":"https:\/\/lleidaesportiu.futbol\/?p=2111"},"modified":"2023-03-04T09:59:06","modified_gmt":"2023-03-04T08:59:06","slug":"luis-pereira-es-reuneix-amb-responsables-de-la-diputacio-de-lleida","status":"publish","type":"post","link":"https:\/\/lleidacf.cat\/es\/luis-pereira-es-reuneix-amb-responsables-de-la-diputacio-de-lleida\/","title":{"rendered":"Luis Pereira se re\u00fane con responsables de la Diputaci\u00f3n de Lleida."},"content":{"rendered":"<p>El presidente del Lleida Esportiu y el presidente de la corporaci\u00f3n provincial, Joan Talarn, han abordado distintas iniciativas destinadas al apoyo institucional y econ\u00f3mico hacia el club azul. <\/p>\n\n\n\n<p>Ambos, acompa\u00f1ados del diputado de Recursos Humanos Jordi Verd\u00fa, han analizado la actual situaci\u00f3n del proyecto Salvar Lleida Esportiu, iniciado hace un a\u00f1o.<\/p>","protected":false},"excerpt":{"rendered":"<p>El presidente del Lleida Esportiu y el presidente de la corporaci\u00f3n provincial, Joan Talarn, han abordado diferentes iniciativas destinadas al\u2026<\/p>","protected":false},"author":6,"featured_media":2114,"comment_status":"closed","ping_status":"open","sticky":false,"template":"","format":"standard","meta":{"footnotes":""},"categories":[36],"tags":[],"temporada":[32],"club":[23],"class_list":["post-2111","post","type-post","status-publish","format-standard","has-post-thumbnail","hentry","category-noticies","temporada-2022-2023","club-lleida-esportiu"],"_links":{"self":[{"href":"https:\/\/lleidacf.cat\/es\/wp-json\/wp\/v2\/posts\/2111","targetHints":{"allow":["GET"]}}],"collection":[{"href":"https:\/\/lleidacf.cat\/es\/wp-json\/wp\/v2\/posts"}],"about":[{"href":"https:\/\/lleidacf.cat\/es\/wp-json\/wp\/v2\/types\/post"}],"author":[{"embeddable":true,"href":"https:\/\/lleidacf.cat\/es\/wp-json\/wp\/v2\/users\/6"}],"replies":[{"embeddable":true,"href":"https:\/\/lleidacf.cat\/es\/wp-json\/wp\/v2\/comments?post=2111"}],"version-history":[{"count":0,"href":"https:\/\/lleidacf.cat\/es\/wp-json\/wp\/v2\/posts\/2111\/revisions"}],"wp:featuredmedia":[{"embeddable":true,"href":"https:\/\/lleidacf.cat\/es\/wp-json\/wp\/v2\/media\/2114"}],"wp:attachment":[{"href":"https:\/\/lleidacf.cat\/es\/wp-json\/wp\/v2\/media?parent=2111"}],"wp:term":[{"taxonomy":"category","embeddable":true,"href":"https:\/\/lleidacf.cat\/es\/wp-json\/wp\/v2\/categories?post=2111"},{"taxonomy":"post_tag","embeddable":true,"href":"https:\/\/lleidacf.cat\/es\/wp-json\/wp\/v2\/tags?post=2111"},{"taxonomy":"temporada","embeddable":true,"href":"https:\/\/lleidacf.cat\/es\/wp-json\/wp\/v2\/temporada?post=2111"},{"taxonomy":"club","embeddable":true,"href":"https:\/\/lleidacf.cat\/es\/wp-json\/wp\/v2\/club?post=2111"}],"curies":[{"name":"wp","href":"https:\/\/api.w.org\/{rel}","templated":true}]}}