{"id":2116,"date":"2023-03-04T09:58:00","date_gmt":"2023-03-04T08:58:00","guid":{"rendered":"https:\/\/lleidaesportiu.futbol\/?p=2116"},"modified":"2023-03-04T09:58:00","modified_gmt":"2023-03-04T08:58:00","slug":"luis-pereira-felicita-josep-maria-espasa-per-revalidar-el-lideratge-a-la-delegacio-lleidatana-de-la-fcf","status":"publish","type":"post","link":"https:\/\/lleidacf.cat\/es\/luis-pereira-felicita-josep-maria-espasa-per-revalidar-el-lideratge-a-la-delegacio-lleidatana-de-la-fcf\/","title":{"rendered":"Luis Pereira felicita a Josep Maria Espasa por revalidar el liderazgo en la delegaci\u00f3n leridana de la FCF."},"content":{"rendered":"<p>El presidente del Lleida Esportiu ha mantenido un encuentro con el vicepresidente de la Federaci\u00f3n Catalana de F\u00fatbol y nuevamente delegado de la FCF en Lleida despu\u00e9s de revalidar el cargo en las recientemente celebradas elecciones. <\/p>\n\n\n\n<p>Pereira y Espasa han hablado de la evoluci\u00f3n del primer equipo y de diferentes propuestas dirigidas a consolidar el f\u00fatbol formativo a trav\u00e9s de la Base Blava. &nbsp;<\/p>\n\n\n\n<figure class=\"wp-block-image size-large\"><img fetchpriority=\"high\" decoding=\"async\" width=\"768\" height=\"1024\" src=\"https:\/\/lleidacf.cat\/wp-content\/uploads\/2023\/03\/PEREIRA-I-ESPASA-VICEPRESIDENT-FCF-768x1024.jpeg\" alt=\"\" class=\"wp-image-2113\" srcset=\"https:\/\/lleidacf.cat\/wp-content\/uploads\/2023\/03\/PEREIRA-I-ESPASA-VICEPRESIDENT-FCF-768x1024.jpeg 768w, https:\/\/lleidacf.cat\/wp-content\/uploads\/2023\/03\/PEREIRA-I-ESPASA-VICEPRESIDENT-FCF-225x300.jpeg 225w, https:\/\/lleidacf.cat\/wp-content\/uploads\/2023\/03\/PEREIRA-I-ESPASA-VICEPRESIDENT-FCF-1152x1536.jpeg 1152w, https:\/\/lleidacf.cat\/wp-content\/uploads\/2023\/03\/PEREIRA-I-ESPASA-VICEPRESIDENT-FCF-9x12.jpeg 9w, https:\/\/lleidacf.cat\/wp-content\/uploads\/2023\/03\/PEREIRA-I-ESPASA-VICEPRESIDENT-FCF.jpeg 1200w\" sizes=\"(max-width: 768px) 100vw, 768px\" \/><\/figure>","protected":false},"excerpt":{"rendered":"<p>El presidente del Lleida Esportiu ha mantenido un encuentro con el vicepresidente de la Federaci\u00f3n Catalana de F\u00fatbol y...<\/p>","protected":false},"author":6,"featured_media":2112,"comment_status":"closed","ping_status":"open","sticky":false,"template":"","format":"standard","meta":{"footnotes":""},"categories":[36],"tags":[],"temporada":[32],"club":[23],"class_list":["post-2116","post","type-post","status-publish","format-standard","has-post-thumbnail","hentry","category-noticies","temporada-2022-2023","club-lleida-esportiu"],"_links":{"self":[{"href":"https:\/\/lleidacf.cat\/es\/wp-json\/wp\/v2\/posts\/2116","targetHints":{"allow":["GET"]}}],"collection":[{"href":"https:\/\/lleidacf.cat\/es\/wp-json\/wp\/v2\/posts"}],"about":[{"href":"https:\/\/lleidacf.cat\/es\/wp-json\/wp\/v2\/types\/post"}],"author":[{"embeddable":true,"href":"https:\/\/lleidacf.cat\/es\/wp-json\/wp\/v2\/users\/6"}],"replies":[{"embeddable":true,"href":"https:\/\/lleidacf.cat\/es\/wp-json\/wp\/v2\/comments?post=2116"}],"version-history":[{"count":0,"href":"https:\/\/lleidacf.cat\/es\/wp-json\/wp\/v2\/posts\/2116\/revisions"}],"wp:featuredmedia":[{"embeddable":true,"href":"https:\/\/lleidacf.cat\/es\/wp-json\/wp\/v2\/media\/2112"}],"wp:attachment":[{"href":"https:\/\/lleidacf.cat\/es\/wp-json\/wp\/v2\/media?parent=2116"}],"wp:term":[{"taxonomy":"category","embeddable":true,"href":"https:\/\/lleidacf.cat\/es\/wp-json\/wp\/v2\/categories?post=2116"},{"taxonomy":"post_tag","embeddable":true,"href":"https:\/\/lleidacf.cat\/es\/wp-json\/wp\/v2\/tags?post=2116"},{"taxonomy":"temporada","embeddable":true,"href":"https:\/\/lleidacf.cat\/es\/wp-json\/wp\/v2\/temporada?post=2116"},{"taxonomy":"club","embeddable":true,"href":"https:\/\/lleidacf.cat\/es\/wp-json\/wp\/v2\/club?post=2116"}],"curies":[{"name":"wp","href":"https:\/\/api.w.org\/{rel}","templated":true}]}}