{"id":2119,"date":"2023-03-06T12:27:08","date_gmt":"2023-03-06T11:27:08","guid":{"rendered":"https:\/\/lleidaesportiu.futbol\/?p=2119"},"modified":"2023-03-06T12:27:08","modified_gmt":"2023-03-06T11:27:08","slug":"les-dones-en-lesport-son-cada-cop-mes-referents","status":"publish","type":"post","link":"https:\/\/lleidacf.cat\/es\/les-dones-en-lesport-son-cada-cop-mes-referents\/","title":{"rendered":"\u00a1\u00a1\u00a1Las mujeres en el deporte son cada vez m\u00e1s referentes!!!"},"content":{"rendered":"<p>El Lleida Esportiu quiere hacer visible y valer la, cada vez m\u00e1s trascendente y habitual, presencia de la mujer en la pr\u00e1ctica de las diferentes disciplinas y tambi\u00e9n en los \u00e1mbitos directivos y de representaci\u00f3n de clubes y entidades deportivas.<\/p>\n\n\n\n<p>Por eso, en conmemoraci\u00f3n del D\u00eda Internacional de las Mujeres, ha dedicado a todas las deportistas ya todas las mujeres activas el partido que el equipo azul ha jugado contra el Terrassa en el Camp d&#039;Esports.<\/p>\n\n\n\n<p>Una representaci\u00f3n de ellas, en nombre de los diferentes clubes, nos han acompa\u00f1ado en la Lonja: las capitanas del Tenis Urgell, las del Cecell Voley, jugadoras y cargos directivos del F\u00fatbol Sala Condado de Urgell y del Club Pat\u00ed Fraga, miembros del Asociaci\u00f3n Deporte Femenino Lleida y de la secci\u00f3n de bolos catalanes y petanca de Mujer Bal\u00e0fia, Deportes del Episcopal, representantes de la secci\u00f3n de P\u00e1del de Deportes y Ocio de Aspros, del Club de Tiro con Arco, entre otros\u2026<\/p>\n\n\n\n<p>El club ha aprovechado, adem\u00e1s, para reconocer la trayectoria deportiva de la futbolista leridana Maria Siegrist, centrocampista del Oviedo, que recientemente se ha visto obligada a abandonar la competici\u00f3n.<\/p>\n\n\n\n<p>Su trayectoria profesional le ha llevado a formar parte de diferentes equipos: la UE Lleida, Niagara University en EEUU, la Saint Leo University en Florida, en Europa, Pardinyes, f\u00fatbol sala en Cervera y Estrella Vallseca de Barcelona para pasar despu\u00e9s al Filecchio Woman de Italia, el Lugano de Suiza hasta llegar al Oviedo donde ha tenido que colgar las botas.<\/p>\n\n\n\n<p>Muchas gracias, Mar\u00eda, por ser un referente y un ejemplo; tienes todo nuestro soporte!<\/p>\n\n\n\n<p>\u00a1Gracias a todas las mujeres y deportistas que nos han podido acompa\u00f1ar ya las que no han podido hacerlo!<\/p>\n\n\n\n<p>\u00a1Viva el deporte femenino!<\/p>\n\n\n\n<figure class=\"wp-block-gallery has-nested-images columns-default is-cropped wp-block-gallery-1 is-layout-flex wp-block-gallery-is-layout-flex\">\n<figure class=\"wp-block-image size-large\"><img fetchpriority=\"high\" decoding=\"async\" width=\"1024\" height=\"683\" data-id=\"2121\" src=\"https:\/\/lleidacf.cat\/wp-content\/uploads\/2023\/03\/MG_3001-3-1024x683.jpg\" alt=\"\" class=\"wp-image-2121\" srcset=\"https:\/\/lleidacf.cat\/wp-content\/uploads\/2023\/03\/MG_3001-3-1024x683.jpg 1024w, https:\/\/lleidacf.cat\/wp-content\/uploads\/2023\/03\/MG_3001-3-300x200.jpg 300w, https:\/\/lleidacf.cat\/wp-content\/uploads\/2023\/03\/MG_3001-3-768x512.jpg 768w, https:\/\/lleidacf.cat\/wp-content\/uploads\/2023\/03\/MG_3001-3-18x12.jpg 18w, https:\/\/lleidacf.cat\/wp-content\/uploads\/2023\/03\/MG_3001-3.jpg 1200w\" sizes=\"(max-width: 1024px) 100vw, 1024px\" \/><\/figure>\n\n\n\n<figure class=\"wp-block-image size-large\"><img decoding=\"async\" width=\"1024\" height=\"683\" data-id=\"2123\" src=\"https:\/\/lleidacf.cat\/wp-content\/uploads\/2023\/03\/MG_3127-3-1024x683.jpg\" alt=\"\" class=\"wp-image-2123\" srcset=\"https:\/\/lleidacf.cat\/wp-content\/uploads\/2023\/03\/MG_3127-3-1024x683.jpg 1024w, https:\/\/lleidacf.cat\/wp-content\/uploads\/2023\/03\/MG_3127-3-300x200.jpg 300w, https:\/\/lleidacf.cat\/wp-content\/uploads\/2023\/03\/MG_3127-3-768x512.jpg 768w, https:\/\/lleidacf.cat\/wp-content\/uploads\/2023\/03\/MG_3127-3-18x12.jpg 18w, https:\/\/lleidacf.cat\/wp-content\/uploads\/2023\/03\/MG_3127-3.jpg 1200w\" sizes=\"(max-width: 1024px) 100vw, 1024px\" \/><\/figure>\n\n\n\n<figure class=\"wp-block-image size-large\"><img decoding=\"async\" width=\"1024\" height=\"683\" data-id=\"2127\" src=\"https:\/\/lleidacf.cat\/wp-content\/uploads\/2023\/03\/MG_3145-3-1024x683.jpg\" alt=\"\" class=\"wp-image-2127\" srcset=\"https:\/\/lleidacf.cat\/wp-content\/uploads\/2023\/03\/MG_3145-3-1024x683.jpg 1024w, https:\/\/lleidacf.cat\/wp-content\/uploads\/2023\/03\/MG_3145-3-300x200.jpg 300w, https:\/\/lleidacf.cat\/wp-content\/uploads\/2023\/03\/MG_3145-3-768x512.jpg 768w, https:\/\/lleidacf.cat\/wp-content\/uploads\/2023\/03\/MG_3145-3-18x12.jpg 18w, https:\/\/lleidacf.cat\/wp-content\/uploads\/2023\/03\/MG_3145-3.jpg 1200w\" sizes=\"(max-width: 1024px) 100vw, 1024px\" \/><\/figure>\n\n\n\n<figure class=\"wp-block-image size-large\"><img loading=\"lazy\" decoding=\"async\" width=\"1024\" height=\"683\" data-id=\"2125\" src=\"https:\/\/lleidacf.cat\/wp-content\/uploads\/2023\/03\/MG_3153-3-1024x683.jpg\" alt=\"\" class=\"wp-image-2125\" srcset=\"https:\/\/lleidacf.cat\/wp-content\/uploads\/2023\/03\/MG_3153-3-1024x683.jpg 1024w, https:\/\/lleidacf.cat\/wp-content\/uploads\/2023\/03\/MG_3153-3-300x200.jpg 300w, https:\/\/lleidacf.cat\/wp-content\/uploads\/2023\/03\/MG_3153-3-768x512.jpg 768w, https:\/\/lleidacf.cat\/wp-content\/uploads\/2023\/03\/MG_3153-3-18x12.jpg 18w, https:\/\/lleidacf.cat\/wp-content\/uploads\/2023\/03\/MG_3153-3.jpg 1200w\" sizes=\"(max-width: 1024px) 100vw, 1024px\" \/><\/figure>\n\n\n\n<figure class=\"wp-block-image size-large\"><img loading=\"lazy\" decoding=\"async\" width=\"1024\" height=\"683\" data-id=\"2128\" src=\"https:\/\/lleidacf.cat\/wp-content\/uploads\/2023\/03\/MG_3185-3-1024x683.jpg\" alt=\"\" class=\"wp-image-2128\" srcset=\"https:\/\/lleidacf.cat\/wp-content\/uploads\/2023\/03\/MG_3185-3-1024x683.jpg 1024w, https:\/\/lleidacf.cat\/wp-content\/uploads\/2023\/03\/MG_3185-3-300x200.jpg 300w, https:\/\/lleidacf.cat\/wp-content\/uploads\/2023\/03\/MG_3185-3-768x512.jpg 768w, https:\/\/lleidacf.cat\/wp-content\/uploads\/2023\/03\/MG_3185-3-18x12.jpg 18w, https:\/\/lleidacf.cat\/wp-content\/uploads\/2023\/03\/MG_3185-3.jpg 1200w\" sizes=\"(max-width: 1024px) 100vw, 1024px\" \/><\/figure>\n\n\n\n<figure class=\"wp-block-image size-large\"><img loading=\"lazy\" decoding=\"async\" width=\"1024\" height=\"768\" data-id=\"2126\" src=\"https:\/\/lleidacf.cat\/wp-content\/uploads\/2023\/03\/WhatsApp-Image-2023-03-05-at-15.25.34-1024x768.jpeg\" alt=\"\" class=\"wp-image-2126\" srcset=\"https:\/\/lleidacf.cat\/wp-content\/uploads\/2023\/03\/WhatsApp-Image-2023-03-05-at-15.25.34-1024x768.jpeg 1024w, https:\/\/lleidacf.cat\/wp-content\/uploads\/2023\/03\/WhatsApp-Image-2023-03-05-at-15.25.34-300x225.jpeg 300w, https:\/\/lleidacf.cat\/wp-content\/uploads\/2023\/03\/WhatsApp-Image-2023-03-05-at-15.25.34-768x576.jpeg 768w, https:\/\/lleidacf.cat\/wp-content\/uploads\/2023\/03\/WhatsApp-Image-2023-03-05-at-15.25.34-1536x1152.jpeg 1536w, https:\/\/lleidacf.cat\/wp-content\/uploads\/2023\/03\/WhatsApp-Image-2023-03-05-at-15.25.34-16x12.jpeg 16w, https:\/\/lleidacf.cat\/wp-content\/uploads\/2023\/03\/WhatsApp-Image-2023-03-05-at-15.25.34.jpeg 1600w\" sizes=\"(max-width: 1024px) 100vw, 1024px\" \/><\/figure>\n<\/figure>\n\n\n\n<figure class=\"wp-block-image size-large\"><img loading=\"lazy\" decoding=\"async\" width=\"1024\" height=\"683\" src=\"https:\/\/lleidacf.cat\/wp-content\/uploads\/2023\/03\/MG_3166-3-1-1024x683.jpg\" alt=\"\" class=\"wp-image-2129\" srcset=\"https:\/\/lleidacf.cat\/wp-content\/uploads\/2023\/03\/MG_3166-3-1-1024x683.jpg 1024w, https:\/\/lleidacf.cat\/wp-content\/uploads\/2023\/03\/MG_3166-3-1-300x200.jpg 300w, https:\/\/lleidacf.cat\/wp-content\/uploads\/2023\/03\/MG_3166-3-1-768x512.jpg 768w, https:\/\/lleidacf.cat\/wp-content\/uploads\/2023\/03\/MG_3166-3-1-18x12.jpg 18w, https:\/\/lleidacf.cat\/wp-content\/uploads\/2023\/03\/MG_3166-3-1.jpg 1200w\" sizes=\"(max-width: 1024px) 100vw, 1024px\" \/><\/figure>","protected":false},"excerpt":{"rendered":"<p>El Lleida Esportiu quiere hacer visible y valer la, cada vez m\u00e1s trascendente y habitual, presencia de la mujer\u2026<\/p>","protected":false},"author":6,"featured_media":2120,"comment_status":"closed","ping_status":"open","sticky":false,"template":"","format":"standard","meta":{"footnotes":""},"categories":[36],"tags":[],"temporada":[32],"club":[23],"class_list":["post-2119","post","type-post","status-publish","format-standard","has-post-thumbnail","hentry","category-noticies","temporada-2022-2023","club-lleida-esportiu"],"_links":{"self":[{"href":"https:\/\/lleidacf.cat\/es\/wp-json\/wp\/v2\/posts\/2119","targetHints":{"allow":["GET"]}}],"collection":[{"href":"https:\/\/lleidacf.cat\/es\/wp-json\/wp\/v2\/posts"}],"about":[{"href":"https:\/\/lleidacf.cat\/es\/wp-json\/wp\/v2\/types\/post"}],"author":[{"embeddable":true,"href":"https:\/\/lleidacf.cat\/es\/wp-json\/wp\/v2\/users\/6"}],"replies":[{"embeddable":true,"href":"https:\/\/lleidacf.cat\/es\/wp-json\/wp\/v2\/comments?post=2119"}],"version-history":[{"count":0,"href":"https:\/\/lleidacf.cat\/es\/wp-json\/wp\/v2\/posts\/2119\/revisions"}],"wp:featuredmedia":[{"embeddable":true,"href":"https:\/\/lleidacf.cat\/es\/wp-json\/wp\/v2\/media\/2120"}],"wp:attachment":[{"href":"https:\/\/lleidacf.cat\/es\/wp-json\/wp\/v2\/media?parent=2119"}],"wp:term":[{"taxonomy":"category","embeddable":true,"href":"https:\/\/lleidacf.cat\/es\/wp-json\/wp\/v2\/categories?post=2119"},{"taxonomy":"post_tag","embeddable":true,"href":"https:\/\/lleidacf.cat\/es\/wp-json\/wp\/v2\/tags?post=2119"},{"taxonomy":"temporada","embeddable":true,"href":"https:\/\/lleidacf.cat\/es\/wp-json\/wp\/v2\/temporada?post=2119"},{"taxonomy":"club","embeddable":true,"href":"https:\/\/lleidacf.cat\/es\/wp-json\/wp\/v2\/club?post=2119"}],"curies":[{"name":"wp","href":"https:\/\/api.w.org\/{rel}","templated":true}]}}