{"id":2158,"date":"2023-03-13T13:11:52","date_gmt":"2023-03-13T12:11:52","guid":{"rendered":"https:\/\/lleidaesportiu.futbol\/?p=2158"},"modified":"2023-03-13T13:20:24","modified_gmt":"2023-03-13T12:20:24","slug":"el-lleida-esportiu-acompanya-la-flama-dels-special-olympics-en-la-seva-arribada-a-la-ciutat","status":"publish","type":"post","link":"https:\/\/lleidacf.cat\/es\/el-lleida-esportiu-acompanya-la-flama-dels-special-olympics-en-la-seva-arribada-a-la-ciutat\/","title":{"rendered":"El Lleida Esportiu acompa\u00f1a a la llama de los Special Olympics en su llegada a la ciudad!!!"},"content":{"rendered":"<p>El defensa azul, Arnau Gaixas, ha sido el encargado de acompa\u00f1ar a Juanito de La Cruz, miembro de la Fundaci\u00f3n Aspros-Som y seremos, durante el pen\u00faltimo relevo de la antorcha desde la calle Magdalena y hasta la plaza de Sant Joan y desde all\u00ed hasta la fachada de la Paeria donde se ha encendido el pebetero.<\/p>\n\n\n\n<p>La llama ol\u00edmpica ha ido pasando por diferentes calles del centro de Lleida despu\u00e9s de haber llegado a la plaza de la Sardana de la Seu Vella. La comitiva, formada por miembros de las diferentes entidades y asociaciones y los deportistas en representaci\u00f3n de los distintos clubes, ha ido completando las diferentes etapas en compa\u00f1\u00eda tambi\u00e9n del presidente y la vicepresidenta de los Special Olympics Catalunya, Sergi Grimau y Pepa Mu\u00f1oz.<\/p>\n\n\n\n<p>Los juegos se realizar\u00e1n este a\u00f1o en la localidad de Granollers entre los d\u00edas 30 de marzo y 2 de abril y participar\u00e1n un total de 188 atletas leridanos de Acudam, Estel, Alba T\u00e0rrega, Amisol, Aspros, Asvolcall Down Lleida, Taller Claror, AE Sedis Baloncesto, San Juan de Dios y del Hogar de San Jos\u00e9.<\/p>\n\n\n\n<p>Special Olympics Catalunya promueve la pr\u00e1ctica del deporte como v\u00eda de desarrollo personal e integraci\u00f3n social de las personas con capacidades intelectuales diversas.<\/p>\n\n\n\n<figure class=\"wp-block-image size-full\"><img fetchpriority=\"high\" decoding=\"async\" width=\"1024\" height=\"768\" src=\"https:\/\/lleidacf.cat\/wp-content\/uploads\/2023\/03\/WhatsApp-Image-2023-03-13-at-12.27.13-1.jpeg\" alt=\"\" class=\"wp-image-2160\" srcset=\"https:\/\/lleidacf.cat\/wp-content\/uploads\/2023\/03\/WhatsApp-Image-2023-03-13-at-12.27.13-1.jpeg 1024w, https:\/\/lleidacf.cat\/wp-content\/uploads\/2023\/03\/WhatsApp-Image-2023-03-13-at-12.27.13-1-300x225.jpeg 300w, https:\/\/lleidacf.cat\/wp-content\/uploads\/2023\/03\/WhatsApp-Image-2023-03-13-at-12.27.13-1-768x576.jpeg 768w, https:\/\/lleidacf.cat\/wp-content\/uploads\/2023\/03\/WhatsApp-Image-2023-03-13-at-12.27.13-1-16x12.jpeg 16w\" sizes=\"(max-width: 1024px) 100vw, 1024px\" \/><\/figure>\n\n\n\n<figure class=\"wp-block-image size-full\"><img decoding=\"async\" width=\"768\" height=\"1024\" src=\"https:\/\/lleidacf.cat\/wp-content\/uploads\/2023\/03\/WhatsApp-Image-2023-03-13-at-12.27.13.jpeg\" alt=\"\" class=\"wp-image-2172\" srcset=\"https:\/\/lleidacf.cat\/wp-content\/uploads\/2023\/03\/WhatsApp-Image-2023-03-13-at-12.27.13.jpeg 768w, https:\/\/lleidacf.cat\/wp-content\/uploads\/2023\/03\/WhatsApp-Image-2023-03-13-at-12.27.13-225x300.jpeg 225w, https:\/\/lleidacf.cat\/wp-content\/uploads\/2023\/03\/WhatsApp-Image-2023-03-13-at-12.27.13-9x12.jpeg 9w\" sizes=\"(max-width: 768px) 100vw, 768px\" \/><\/figure>\n\n\n\n<figure class=\"wp-block-image size-full\"><img decoding=\"async\" width=\"1024\" height=\"768\" src=\"https:\/\/lleidacf.cat\/wp-content\/uploads\/2023\/03\/WhatsApp-Image-2023-03-13-at-12.27.13-5.jpeg\" alt=\"\" class=\"wp-image-2163\" srcset=\"https:\/\/lleidacf.cat\/wp-content\/uploads\/2023\/03\/WhatsApp-Image-2023-03-13-at-12.27.13-5.jpeg 1024w, https:\/\/lleidacf.cat\/wp-content\/uploads\/2023\/03\/WhatsApp-Image-2023-03-13-at-12.27.13-5-300x225.jpeg 300w, https:\/\/lleidacf.cat\/wp-content\/uploads\/2023\/03\/WhatsApp-Image-2023-03-13-at-12.27.13-5-768x576.jpeg 768w, https:\/\/lleidacf.cat\/wp-content\/uploads\/2023\/03\/WhatsApp-Image-2023-03-13-at-12.27.13-5-16x12.jpeg 16w\" sizes=\"(max-width: 1024px) 100vw, 1024px\" \/><\/figure>\n\n\n\n<figure class=\"wp-block-gallery has-nested-images columns-default is-cropped wp-block-gallery-1 is-layout-flex wp-block-gallery-is-layout-flex\">\n<figure class=\"wp-block-image size-large\"><img loading=\"lazy\" decoding=\"async\" width=\"1024\" height=\"804\" data-id=\"2164\" src=\"https:\/\/lleidacf.cat\/wp-content\/uploads\/2023\/03\/WhatsApp-Image-2023-03-13-at-12.27.13-7.jpeg\" alt=\"\" class=\"wp-image-2164\" srcset=\"https:\/\/lleidacf.cat\/wp-content\/uploads\/2023\/03\/WhatsApp-Image-2023-03-13-at-12.27.13-7.jpeg 1024w, https:\/\/lleidacf.cat\/wp-content\/uploads\/2023\/03\/WhatsApp-Image-2023-03-13-at-12.27.13-7-300x236.jpeg 300w, https:\/\/lleidacf.cat\/wp-content\/uploads\/2023\/03\/WhatsApp-Image-2023-03-13-at-12.27.13-7-768x603.jpeg 768w, https:\/\/lleidacf.cat\/wp-content\/uploads\/2023\/03\/WhatsApp-Image-2023-03-13-at-12.27.13-7-15x12.jpeg 15w\" sizes=\"(max-width: 1024px) 100vw, 1024px\" \/><\/figure>\n\n\n\n<figure class=\"wp-block-image size-large\"><img loading=\"lazy\" decoding=\"async\" width=\"1024\" height=\"684\" data-id=\"2165\" src=\"https:\/\/lleidacf.cat\/wp-content\/uploads\/2023\/03\/WhatsApp-Image-2023-03-13-at-12.27.13-8.jpeg\" alt=\"\" class=\"wp-image-2165\" srcset=\"https:\/\/lleidacf.cat\/wp-content\/uploads\/2023\/03\/WhatsApp-Image-2023-03-13-at-12.27.13-8.jpeg 1024w, https:\/\/lleidacf.cat\/wp-content\/uploads\/2023\/03\/WhatsApp-Image-2023-03-13-at-12.27.13-8-300x200.jpeg 300w, https:\/\/lleidacf.cat\/wp-content\/uploads\/2023\/03\/WhatsApp-Image-2023-03-13-at-12.27.13-8-768x513.jpeg 768w, https:\/\/lleidacf.cat\/wp-content\/uploads\/2023\/03\/WhatsApp-Image-2023-03-13-at-12.27.13-8-18x12.jpeg 18w\" sizes=\"(max-width: 1024px) 100vw, 1024px\" \/><\/figure>\n\n\n\n<figure class=\"wp-block-image size-large\"><img loading=\"lazy\" decoding=\"async\" width=\"1024\" height=\"768\" data-id=\"2166\" src=\"https:\/\/lleidacf.cat\/wp-content\/uploads\/2023\/03\/WhatsApp-Image-2023-03-13-at-12.27.13-9.jpeg\" alt=\"\" class=\"wp-image-2166\" srcset=\"https:\/\/lleidacf.cat\/wp-content\/uploads\/2023\/03\/WhatsApp-Image-2023-03-13-at-12.27.13-9.jpeg 1024w, https:\/\/lleidacf.cat\/wp-content\/uploads\/2023\/03\/WhatsApp-Image-2023-03-13-at-12.27.13-9-300x225.jpeg 300w, https:\/\/lleidacf.cat\/wp-content\/uploads\/2023\/03\/WhatsApp-Image-2023-03-13-at-12.27.13-9-768x576.jpeg 768w, https:\/\/lleidacf.cat\/wp-content\/uploads\/2023\/03\/WhatsApp-Image-2023-03-13-at-12.27.13-9-16x12.jpeg 16w\" sizes=\"(max-width: 1024px) 100vw, 1024px\" \/><\/figure>\n\n\n\n<figure class=\"wp-block-image size-large\"><img loading=\"lazy\" decoding=\"async\" width=\"1024\" height=\"768\" data-id=\"2167\" src=\"https:\/\/lleidacf.cat\/wp-content\/uploads\/2023\/03\/WhatsApp-Image-2023-03-13-at-12.27.13-10.jpeg\" alt=\"\" class=\"wp-image-2167\" srcset=\"https:\/\/lleidacf.cat\/wp-content\/uploads\/2023\/03\/WhatsApp-Image-2023-03-13-at-12.27.13-10.jpeg 1024w, https:\/\/lleidacf.cat\/wp-content\/uploads\/2023\/03\/WhatsApp-Image-2023-03-13-at-12.27.13-10-300x225.jpeg 300w, https:\/\/lleidacf.cat\/wp-content\/uploads\/2023\/03\/WhatsApp-Image-2023-03-13-at-12.27.13-10-768x576.jpeg 768w, https:\/\/lleidacf.cat\/wp-content\/uploads\/2023\/03\/WhatsApp-Image-2023-03-13-at-12.27.13-10-16x12.jpeg 16w\" sizes=\"(max-width: 1024px) 100vw, 1024px\" \/><\/figure>\n\n\n\n<figure class=\"wp-block-image size-large\"><img loading=\"lazy\" decoding=\"async\" width=\"1024\" height=\"768\" data-id=\"2168\" src=\"https:\/\/lleidacf.cat\/wp-content\/uploads\/2023\/03\/WhatsApp-Image-2023-03-13-at-12.27.13-11.jpeg\" alt=\"\" class=\"wp-image-2168\" srcset=\"https:\/\/lleidacf.cat\/wp-content\/uploads\/2023\/03\/WhatsApp-Image-2023-03-13-at-12.27.13-11.jpeg 1024w, https:\/\/lleidacf.cat\/wp-content\/uploads\/2023\/03\/WhatsApp-Image-2023-03-13-at-12.27.13-11-300x225.jpeg 300w, https:\/\/lleidacf.cat\/wp-content\/uploads\/2023\/03\/WhatsApp-Image-2023-03-13-at-12.27.13-11-768x576.jpeg 768w, https:\/\/lleidacf.cat\/wp-content\/uploads\/2023\/03\/WhatsApp-Image-2023-03-13-at-12.27.13-11-16x12.jpeg 16w\" sizes=\"(max-width: 1024px) 100vw, 1024px\" \/><\/figure>\n\n\n\n<figure class=\"wp-block-image size-large\"><img loading=\"lazy\" decoding=\"async\" width=\"1024\" height=\"768\" data-id=\"2169\" src=\"https:\/\/lleidacf.cat\/wp-content\/uploads\/2023\/03\/WhatsApp-Image-2023-03-13-at-12.27.13-12.jpeg\" alt=\"\" class=\"wp-image-2169\" srcset=\"https:\/\/lleidacf.cat\/wp-content\/uploads\/2023\/03\/WhatsApp-Image-2023-03-13-at-12.27.13-12.jpeg 1024w, https:\/\/lleidacf.cat\/wp-content\/uploads\/2023\/03\/WhatsApp-Image-2023-03-13-at-12.27.13-12-300x225.jpeg 300w, https:\/\/lleidacf.cat\/wp-content\/uploads\/2023\/03\/WhatsApp-Image-2023-03-13-at-12.27.13-12-768x576.jpeg 768w, https:\/\/lleidacf.cat\/wp-content\/uploads\/2023\/03\/WhatsApp-Image-2023-03-13-at-12.27.13-12-16x12.jpeg 16w\" sizes=\"(max-width: 1024px) 100vw, 1024px\" \/><\/figure>\n\n\n\n<figure class=\"wp-block-image size-large\"><img loading=\"lazy\" decoding=\"async\" width=\"1024\" height=\"768\" data-id=\"2170\" src=\"https:\/\/lleidacf.cat\/wp-content\/uploads\/2023\/03\/WhatsApp-Image-2023-03-13-at-12.27.13-13.jpeg\" alt=\"\" class=\"wp-image-2170\" srcset=\"https:\/\/lleidacf.cat\/wp-content\/uploads\/2023\/03\/WhatsApp-Image-2023-03-13-at-12.27.13-13.jpeg 1024w, https:\/\/lleidacf.cat\/wp-content\/uploads\/2023\/03\/WhatsApp-Image-2023-03-13-at-12.27.13-13-300x225.jpeg 300w, https:\/\/lleidacf.cat\/wp-content\/uploads\/2023\/03\/WhatsApp-Image-2023-03-13-at-12.27.13-13-768x576.jpeg 768w, https:\/\/lleidacf.cat\/wp-content\/uploads\/2023\/03\/WhatsApp-Image-2023-03-13-at-12.27.13-13-16x12.jpeg 16w\" sizes=\"(max-width: 1024px) 100vw, 1024px\" \/><\/figure>\n<\/figure>","protected":false},"excerpt":{"rendered":"<p>El defensa azul, Arnau Gaixas, ha sido el encargado de acompa\u00f1ar a Juanito de La Cruz, miembro de la Fundaci\u00f3n Aspros-Som y\u2026<\/p>","protected":false},"author":6,"featured_media":2159,"comment_status":"closed","ping_status":"open","sticky":false,"template":"","format":"standard","meta":{"footnotes":""},"categories":[36,1],"tags":[],"temporada":[32],"club":[23],"class_list":["post-2158","post","type-post","status-publish","format-standard","has-post-thumbnail","hentry","category-noticies","category-rsc","temporada-2022-2023","club-lleida-esportiu"],"_links":{"self":[{"href":"https:\/\/lleidacf.cat\/es\/wp-json\/wp\/v2\/posts\/2158","targetHints":{"allow":["GET"]}}],"collection":[{"href":"https:\/\/lleidacf.cat\/es\/wp-json\/wp\/v2\/posts"}],"about":[{"href":"https:\/\/lleidacf.cat\/es\/wp-json\/wp\/v2\/types\/post"}],"author":[{"embeddable":true,"href":"https:\/\/lleidacf.cat\/es\/wp-json\/wp\/v2\/users\/6"}],"replies":[{"embeddable":true,"href":"https:\/\/lleidacf.cat\/es\/wp-json\/wp\/v2\/comments?post=2158"}],"version-history":[{"count":0,"href":"https:\/\/lleidacf.cat\/es\/wp-json\/wp\/v2\/posts\/2158\/revisions"}],"wp:featuredmedia":[{"embeddable":true,"href":"https:\/\/lleidacf.cat\/es\/wp-json\/wp\/v2\/media\/2159"}],"wp:attachment":[{"href":"https:\/\/lleidacf.cat\/es\/wp-json\/wp\/v2\/media?parent=2158"}],"wp:term":[{"taxonomy":"category","embeddable":true,"href":"https:\/\/lleidacf.cat\/es\/wp-json\/wp\/v2\/categories?post=2158"},{"taxonomy":"post_tag","embeddable":true,"href":"https:\/\/lleidacf.cat\/es\/wp-json\/wp\/v2\/tags?post=2158"},{"taxonomy":"temporada","embeddable":true,"href":"https:\/\/lleidacf.cat\/es\/wp-json\/wp\/v2\/temporada?post=2158"},{"taxonomy":"club","embeddable":true,"href":"https:\/\/lleidacf.cat\/es\/wp-json\/wp\/v2\/club?post=2158"}],"curies":[{"name":"wp","href":"https:\/\/api.w.org\/{rel}","templated":true}]}}