{"id":2201,"date":"2023-03-21T11:35:43","date_gmt":"2023-03-21T10:35:43","guid":{"rendered":"https:\/\/lleidaesportiu.futbol\/?p=2201"},"modified":"2023-03-21T11:35:43","modified_gmt":"2023-03-21T10:35:43","slug":"el-lleida-esportiu-un-altaveu-per-a-crear-consciencia-sobre-el-teaf-un-trastorn-mental-irreversible-pero-evitable","status":"publish","type":"post","link":"https:\/\/lleidacf.cat\/es\/el-lleida-esportiu-un-altaveu-per-a-crear-consciencia-sobre-el-teaf-un-trastorn-mental-irreversible-pero-evitable\/","title":{"rendered":"El Lleida Esportiu, un altavoz para crear conciencia sobre el TEAF, un trastorno mental irreversible pero evitable."},"content":{"rendered":"<p>El Lleida Esportiu dedica esta semana, y el pr\u00f3ximo partido en el Camp d&#039;Esports, a la concienciaci\u00f3n sobre el TEAF, el Trastorno del Espectro Alcoh\u00f3lico Fetal. Se trata de un conjunto de afectaciones neurol\u00f3gicas, f\u00edsicas, conductuales y de aprendizaje causadas por el consumo de alcohol de la madre durante el embarazo que afectar\u00e1 al beb\u00e9 de por vida.<\/p>\n\n\n\n<p>Lo sufre entre un 4 y un 7% de la poblaci\u00f3n mundial, seg\u00fan los datos de la Organizaci\u00f3n Mundial de la Salud. Cada a\u00f1o nacen, en toda Espa\u00f1a, hasta 5.000 ni\u00f1as y ni\u00f1os con TEAF y se calcula que en Catalu\u00f1a lo tienen m\u00e1s de la mitad de los adoptados en los pa\u00edses del Este de Europa. Y es que all\u00ed es com\u00fan que muchas mujeres no confirmen su embarazo hasta el segundo o tercer mes de gestaci\u00f3n, tiempo en el que pueden haber estado consumiendo alcohol a pesar de que ese per\u00edodo es el m\u00e1s cr\u00edtico para el correcto desarrollo del feto.<\/p>\n\n\n\n<p>A pesar de la aprobaci\u00f3n, por parte del Senado, en 2019 de un protocolo de actuaci\u00f3n sanitaria para los afectados con TEAF, hoy en d\u00eda este trastorno mental sigue sin un reconocimiento espec\u00edfico por parte de la sanidad p\u00fablica. De hecho, es todav\u00eda tan desconocido como hace cuarenta a\u00f1os lo era el autismo y muchas veces se le confunde justamente con el TEA, el Trastorno de D\u00e9ficit de Atenci\u00f3n o la depresi\u00f3n. Tampoco existen suficientes profesionales m\u00e9dicos formados en este tipo de lesiones cerebrales que son irreversibles pero totalmente evitables.<\/p>\n\n\n\n<p>En Lleida la asociaci\u00f3n va de la mano de los afectados con TDAH y otros trastornos donde atienden y apoyan a las familias con este tipo de diagn\u00f3sticos de toda la demarcaci\u00f3n. <\/p>","protected":false},"excerpt":{"rendered":"<p>El Lleida Esportiu dedica esta semana, y el pr\u00f3ximo partido en el Camp d&#039;Esports, a la concienciaci\u00f3n sobre el TEAF, el\u2026<\/p>","protected":false},"author":6,"featured_media":2202,"comment_status":"closed","ping_status":"open","sticky":false,"template":"","format":"standard","meta":{"footnotes":""},"categories":[36,1],"tags":[],"temporada":[32],"club":[23],"class_list":["post-2201","post","type-post","status-publish","format-standard","has-post-thumbnail","hentry","category-noticies","category-rsc","temporada-2022-2023","club-lleida-esportiu"],"_links":{"self":[{"href":"https:\/\/lleidacf.cat\/es\/wp-json\/wp\/v2\/posts\/2201","targetHints":{"allow":["GET"]}}],"collection":[{"href":"https:\/\/lleidacf.cat\/es\/wp-json\/wp\/v2\/posts"}],"about":[{"href":"https:\/\/lleidacf.cat\/es\/wp-json\/wp\/v2\/types\/post"}],"author":[{"embeddable":true,"href":"https:\/\/lleidacf.cat\/es\/wp-json\/wp\/v2\/users\/6"}],"replies":[{"embeddable":true,"href":"https:\/\/lleidacf.cat\/es\/wp-json\/wp\/v2\/comments?post=2201"}],"version-history":[{"count":0,"href":"https:\/\/lleidacf.cat\/es\/wp-json\/wp\/v2\/posts\/2201\/revisions"}],"wp:featuredmedia":[{"embeddable":true,"href":"https:\/\/lleidacf.cat\/es\/wp-json\/wp\/v2\/media\/2202"}],"wp:attachment":[{"href":"https:\/\/lleidacf.cat\/es\/wp-json\/wp\/v2\/media?parent=2201"}],"wp:term":[{"taxonomy":"category","embeddable":true,"href":"https:\/\/lleidacf.cat\/es\/wp-json\/wp\/v2\/categories?post=2201"},{"taxonomy":"post_tag","embeddable":true,"href":"https:\/\/lleidacf.cat\/es\/wp-json\/wp\/v2\/tags?post=2201"},{"taxonomy":"temporada","embeddable":true,"href":"https:\/\/lleidacf.cat\/es\/wp-json\/wp\/v2\/temporada?post=2201"},{"taxonomy":"club","embeddable":true,"href":"https:\/\/lleidacf.cat\/es\/wp-json\/wp\/v2\/club?post=2201"}],"curies":[{"name":"wp","href":"https:\/\/api.w.org\/{rel}","templated":true}]}}