{"id":2220,"date":"2023-03-23T12:15:54","date_gmt":"2023-03-23T11:15:54","guid":{"rendered":"https:\/\/lleidaesportiu.futbol\/?p=2220"},"modified":"2023-03-23T12:15:54","modified_gmt":"2023-03-23T11:15:54","slug":"el-camp-desports-vol-ser-cada-diumenge-una-festa-de-laficio-el-club-ofereix-per-5-euros-una-postal-exclusiva-amb-una-entrada-gratuita","status":"publish","type":"post","link":"https:\/\/lleidacf.cat\/es\/el-camp-desports-vol-ser-cada-diumenge-una-festa-de-laficio-el-club-ofereix-per-5-euros-una-postal-exclusiva-amb-una-entrada-gratuita\/","title":{"rendered":"\u00a1El Campo de Deportes quiere ser cada domingo una fiesta de la afici\u00f3n!! El club ofrece por 5 euros una postal exclusiva con una entrada gratuita."},"content":{"rendered":"<p>Con la intenci\u00f3n de que cada domingo de f\u00fatbol las gradas del Camp d&#039;Esports se llenen de aficionados y de seguidores, el club pone en marcha una promoci\u00f3n exclusiva para las abonadas y abonados azules. \u00c9stos pueden obtener, por un precio de 5 euros, una postal exclusiva firmada por todos los jugadores del Primer Equipo acompa\u00f1ada de una entrada gratuita para llevar a una persona invitada a la misma zona que el abonado. <\/p>\n\n\n\n<p>La campa\u00f1a se pone en marcha cara al partido de este domingo, contra el Deportivo de Arag\u00f3n a las 17.00 horas, y se alargar\u00e1 durante los cuatro que faltan hasta el final de Liga. <\/p>\n\n\n\n<p>La venta de la postal + entrada se realizar\u00e1 \u00fanicamente en las oficinas del club de forma anticipada en horario de lunes a s\u00e1bado, entre las 10.00 y las 13.00 horas, y las tardes, de lunes a viernes, entre las 17.00 y las 19.00 horas.&nbsp; <\/p>\n\n\n\n<p>Hagamos que el final de temporada sea una gran fiesta de la afici\u00f3n en las gradas azules!!!!<\/p>","protected":false},"excerpt":{"rendered":"<p>Con la intenci\u00f3n de que cada domingo de f\u00fatbol las gradas del Campo de Deportes se llenen de aficionados y de seguidores, el club\u2026<\/p>","protected":false},"author":6,"featured_media":2223,"comment_status":"closed","ping_status":"open","sticky":false,"template":"","format":"standard","meta":{"footnotes":""},"categories":[36],"tags":[],"temporada":[32],"club":[23],"class_list":["post-2220","post","type-post","status-publish","format-standard","has-post-thumbnail","hentry","category-noticies","temporada-2022-2023","club-lleida-esportiu"],"_links":{"self":[{"href":"https:\/\/lleidacf.cat\/es\/wp-json\/wp\/v2\/posts\/2220","targetHints":{"allow":["GET"]}}],"collection":[{"href":"https:\/\/lleidacf.cat\/es\/wp-json\/wp\/v2\/posts"}],"about":[{"href":"https:\/\/lleidacf.cat\/es\/wp-json\/wp\/v2\/types\/post"}],"author":[{"embeddable":true,"href":"https:\/\/lleidacf.cat\/es\/wp-json\/wp\/v2\/users\/6"}],"replies":[{"embeddable":true,"href":"https:\/\/lleidacf.cat\/es\/wp-json\/wp\/v2\/comments?post=2220"}],"version-history":[{"count":0,"href":"https:\/\/lleidacf.cat\/es\/wp-json\/wp\/v2\/posts\/2220\/revisions"}],"wp:featuredmedia":[{"embeddable":true,"href":"https:\/\/lleidacf.cat\/es\/wp-json\/wp\/v2\/media\/2223"}],"wp:attachment":[{"href":"https:\/\/lleidacf.cat\/es\/wp-json\/wp\/v2\/media?parent=2220"}],"wp:term":[{"taxonomy":"category","embeddable":true,"href":"https:\/\/lleidacf.cat\/es\/wp-json\/wp\/v2\/categories?post=2220"},{"taxonomy":"post_tag","embeddable":true,"href":"https:\/\/lleidacf.cat\/es\/wp-json\/wp\/v2\/tags?post=2220"},{"taxonomy":"temporada","embeddable":true,"href":"https:\/\/lleidacf.cat\/es\/wp-json\/wp\/v2\/temporada?post=2220"},{"taxonomy":"club","embeddable":true,"href":"https:\/\/lleidacf.cat\/es\/wp-json\/wp\/v2\/club?post=2220"}],"curies":[{"name":"wp","href":"https:\/\/api.w.org\/{rel}","templated":true}]}}