{"id":2225,"date":"2023-03-24T14:32:01","date_gmt":"2023-03-24T13:32:01","guid":{"rendered":"https:\/\/lleidaesportiu.futbol\/?p=2225"},"modified":"2023-03-31T09:53:43","modified_gmt":"2023-03-31T07:53:43","slug":"els-clubs-amb-mes-historia-de-la-ciutat-estrenyen-llacos-el-club-tennis-lleida-ens-distingeix-amb-una-serigrafia-que-commemora-el-seu-centenari","status":"publish","type":"post","link":"https:\/\/lleidacf.cat\/es\/els-clubs-amb-mes-historia-de-la-ciutat-estrenyen-llacos-el-club-tennis-lleida-ens-distingeix-amb-una-serigrafia-que-commemora-el-seu-centenari\/","title":{"rendered":"Los clubes con m\u00e1s historia de la ciudad estrechan lazos: el Club Tennis Lleida nos distingue con una serigraf\u00eda que conmemora su centenario!!"},"content":{"rendered":"<p>El Lleida Esportiu ha respondido a la invitaci\u00f3n del Club Tennis Lleida que nos ha hecho el honor de distinguirnos con la serigraf\u00eda que ha editado con motivo de sus cien a\u00f1os de historia. La entidad naci\u00f3 en 1920 y celebra su primer siglo de vida.<\/p>\n\n\n\n<p>La obra, realizada por el artista Gabriel P\u00e9rez Bola\u00f1o, recrea la primera sede que el Tennis Lleida ocup\u00f3 en la partida Boixadors, despu\u00e9s de haber pasado por la plaza Ricard Vi\u00f1es y por la misma zona del Campo de Deportes donde van tener tres pistas, en terrenos pertenecientes a la Juventud Republicana, hasta 1960 cuando se traslad\u00f3 a donde todav\u00eda est\u00e1 ahora.<\/p>\n\n\n\n<p>El presidente del Club Tenis Lleida, Jos\u00e9 Luis Solans Pueyo, lo ha explicado al presidente del club azul, Luis Pereira Barreiro, con quien ha mantenido un cordial encuentro en reconocimiento a otro de los clubs m\u00e1s representativos de toda la demarcaci\u00f3n de Ponent. Ambos han manifestado la voluntad de poder colaborar en actividades e iniciativas conjuntas que fomenten la estima y un futuro prometedor para las dos instituciones que representan.<\/p>\n\n\n\n<p>Por muchos a\u00f1os!!!<\/p>\n\n\n\n<figure class=\"wp-block-image size-full\"><img fetchpriority=\"high\" decoding=\"async\" width=\"1024\" height=\"768\" src=\"https:\/\/lleidacf.cat\/wp-content\/uploads\/2023\/03\/SERIGRAFIA-CLUB-TENNIS-LLEIDA.jpeg\" alt=\"\" class=\"wp-image-2291\" srcset=\"https:\/\/lleidacf.cat\/wp-content\/uploads\/2023\/03\/SERIGRAFIA-CLUB-TENNIS-LLEIDA.jpeg 1024w, https:\/\/lleidacf.cat\/wp-content\/uploads\/2023\/03\/SERIGRAFIA-CLUB-TENNIS-LLEIDA-300x225.jpeg 300w, https:\/\/lleidacf.cat\/wp-content\/uploads\/2023\/03\/SERIGRAFIA-CLUB-TENNIS-LLEIDA-768x576.jpeg 768w, https:\/\/lleidacf.cat\/wp-content\/uploads\/2023\/03\/SERIGRAFIA-CLUB-TENNIS-LLEIDA-16x12.jpeg 16w\" sizes=\"(max-width: 1024px) 100vw, 1024px\" \/><\/figure>","protected":false},"excerpt":{"rendered":"<p>El Lleida Esportiu ha respondido a la invitaci\u00f3n del Club Tenis Lleida que nos ha hecho el honor de distinguirnos con la\u2026<\/p>","protected":false},"author":6,"featured_media":2226,"comment_status":"closed","ping_status":"open","sticky":false,"template":"","format":"standard","meta":{"footnotes":""},"categories":[36],"tags":[],"temporada":[32],"club":[23],"class_list":["post-2225","post","type-post","status-publish","format-standard","has-post-thumbnail","hentry","category-noticies","temporada-2022-2023","club-lleida-esportiu"],"_links":{"self":[{"href":"https:\/\/lleidacf.cat\/es\/wp-json\/wp\/v2\/posts\/2225","targetHints":{"allow":["GET"]}}],"collection":[{"href":"https:\/\/lleidacf.cat\/es\/wp-json\/wp\/v2\/posts"}],"about":[{"href":"https:\/\/lleidacf.cat\/es\/wp-json\/wp\/v2\/types\/post"}],"author":[{"embeddable":true,"href":"https:\/\/lleidacf.cat\/es\/wp-json\/wp\/v2\/users\/6"}],"replies":[{"embeddable":true,"href":"https:\/\/lleidacf.cat\/es\/wp-json\/wp\/v2\/comments?post=2225"}],"version-history":[{"count":0,"href":"https:\/\/lleidacf.cat\/es\/wp-json\/wp\/v2\/posts\/2225\/revisions"}],"wp:featuredmedia":[{"embeddable":true,"href":"https:\/\/lleidacf.cat\/es\/wp-json\/wp\/v2\/media\/2226"}],"wp:attachment":[{"href":"https:\/\/lleidacf.cat\/es\/wp-json\/wp\/v2\/media?parent=2225"}],"wp:term":[{"taxonomy":"category","embeddable":true,"href":"https:\/\/lleidacf.cat\/es\/wp-json\/wp\/v2\/categories?post=2225"},{"taxonomy":"post_tag","embeddable":true,"href":"https:\/\/lleidacf.cat\/es\/wp-json\/wp\/v2\/tags?post=2225"},{"taxonomy":"temporada","embeddable":true,"href":"https:\/\/lleidacf.cat\/es\/wp-json\/wp\/v2\/temporada?post=2225"},{"taxonomy":"club","embeddable":true,"href":"https:\/\/lleidacf.cat\/es\/wp-json\/wp\/v2\/club?post=2225"}],"curies":[{"name":"wp","href":"https:\/\/api.w.org\/{rel}","templated":true}]}}