{"id":2294,"date":"2023-03-31T11:45:13","date_gmt":"2023-03-31T09:45:13","guid":{"rendered":"https:\/\/lleidaesportiu.futbol\/?p=2294"},"modified":"2023-03-31T15:42:22","modified_gmt":"2023-03-31T13:42:22","slug":"el-lleida-esportiu-safegeix-a-bordeus-la-campanya-de-la-paeria-per-tal-que-els-clubs-incorporin-el-color-emblema-de-la-ciutat","status":"publish","type":"post","link":"https:\/\/lleidacf.cat\/es\/el-lleida-esportiu-safegeix-a-bordeus-la-campanya-de-la-paeria-per-tal-que-els-clubs-incorporin-el-color-emblema-de-la-ciutat\/","title":{"rendered":"El Lleida Esportiu se a\u00f1ade a &#039;Burdeos&#039;, la campa\u00f1a de la Paeria para que los clubs incorporen el color emblema de la ciudad."},"content":{"rendered":"<p>El club azul, y el resto de clubes deportivos de Lleida, han acompa\u00f1ado al alcalde, Miquel Pueyo, y al concejal de Deportes, Ignasi Amor, en la presentaci\u00f3n de esta iniciativa. La Paeria le ha llamado \u201cBurdeos\u201d y propone que todos los equipos de la ciudad de las diferentes modalidades, tanto de la \u00e9lite como de base, luzcan en sus equipamientos alg\u00fan motivo con este color tradicionalmente identificado con Lleida. <\/p>\n\n\n\n<p>El paer jefe y el concejal han explicado que el deporte es una de las actividades que m\u00e1s contribuye a movilizar a las personas ya conectarlas a los sentimientos de pertenencia y de identificaci\u00f3n con el municipio. Con &#039;Burdeos&#039;, adem\u00e1s, el deporte contribuir\u00e1 a la marca Lleida export\u00e1ndola a todas partes, vayan donde vayan con sus competiciones. &nbsp;<\/p>\n\n\n\n<p>El Lleida Esportiu, Fuerza Lleida, Club Baloncesto Lleida, Lleida Balonmano Club, Club Deportivo Lleida Lista Azul, Club Gimn\u00e1stico Lleida, Club Deportivo Raimat, Lleida Esportiu, el Club Bal\u00e0fia-V\u00f2lei junto con una fotograf\u00eda de familia bajo la torre del campanario de la Seu Vella, el s\u00edmbolo m\u00e1s reconocido de Lleida.<\/p>\n\n\n\n<p><\/p>\n\n\n\n<p>(foto: Paeria de Lleida) <\/p>\n\n\n\n<figure class=\"wp-block-image size-large\"><img fetchpriority=\"high\" decoding=\"async\" width=\"1024\" height=\"683\" src=\"https:\/\/lleidacf.cat\/wp-content\/uploads\/2023\/03\/20230330-foto-1-bordeus-1024x683.jpg\" alt=\"\" class=\"wp-image-2295\" srcset=\"https:\/\/lleidacf.cat\/wp-content\/uploads\/2023\/03\/20230330-foto-1-bordeus-1024x683.jpg 1024w, https:\/\/lleidacf.cat\/wp-content\/uploads\/2023\/03\/20230330-foto-1-bordeus-300x200.jpg 300w, https:\/\/lleidacf.cat\/wp-content\/uploads\/2023\/03\/20230330-foto-1-bordeus-768x512.jpg 768w, https:\/\/lleidacf.cat\/wp-content\/uploads\/2023\/03\/20230330-foto-1-bordeus-1536x1024.jpg 1536w, https:\/\/lleidacf.cat\/wp-content\/uploads\/2023\/03\/20230330-foto-1-bordeus-2048x1365.jpg 2048w, https:\/\/lleidacf.cat\/wp-content\/uploads\/2023\/03\/20230330-foto-1-bordeus-18x12.jpg 18w\" sizes=\"(max-width: 1024px) 100vw, 1024px\" \/><\/figure>","protected":false},"excerpt":{"rendered":"<p>El club azul, y el resto de clubes deportivos de Lleida, han acompa\u00f1ado al alcalde, Miquel Pueyo, y al concejal\u2026<\/p>","protected":false},"author":6,"featured_media":2298,"comment_status":"closed","ping_status":"open","sticky":false,"template":"","format":"standard","meta":{"footnotes":""},"categories":[36],"tags":[],"temporada":[32],"club":[23],"class_list":["post-2294","post","type-post","status-publish","format-standard","has-post-thumbnail","hentry","category-noticies","temporada-2022-2023","club-lleida-esportiu"],"_links":{"self":[{"href":"https:\/\/lleidacf.cat\/es\/wp-json\/wp\/v2\/posts\/2294","targetHints":{"allow":["GET"]}}],"collection":[{"href":"https:\/\/lleidacf.cat\/es\/wp-json\/wp\/v2\/posts"}],"about":[{"href":"https:\/\/lleidacf.cat\/es\/wp-json\/wp\/v2\/types\/post"}],"author":[{"embeddable":true,"href":"https:\/\/lleidacf.cat\/es\/wp-json\/wp\/v2\/users\/6"}],"replies":[{"embeddable":true,"href":"https:\/\/lleidacf.cat\/es\/wp-json\/wp\/v2\/comments?post=2294"}],"version-history":[{"count":0,"href":"https:\/\/lleidacf.cat\/es\/wp-json\/wp\/v2\/posts\/2294\/revisions"}],"wp:featuredmedia":[{"embeddable":true,"href":"https:\/\/lleidacf.cat\/es\/wp-json\/wp\/v2\/media\/2298"}],"wp:attachment":[{"href":"https:\/\/lleidacf.cat\/es\/wp-json\/wp\/v2\/media?parent=2294"}],"wp:term":[{"taxonomy":"category","embeddable":true,"href":"https:\/\/lleidacf.cat\/es\/wp-json\/wp\/v2\/categories?post=2294"},{"taxonomy":"post_tag","embeddable":true,"href":"https:\/\/lleidacf.cat\/es\/wp-json\/wp\/v2\/tags?post=2294"},{"taxonomy":"temporada","embeddable":true,"href":"https:\/\/lleidacf.cat\/es\/wp-json\/wp\/v2\/temporada?post=2294"},{"taxonomy":"club","embeddable":true,"href":"https:\/\/lleidacf.cat\/es\/wp-json\/wp\/v2\/club?post=2294"}],"curies":[{"name":"wp","href":"https:\/\/api.w.org\/{rel}","templated":true}]}}