{"id":2300,"date":"2023-03-31T15:47:15","date_gmt":"2023-03-31T13:47:15","guid":{"rendered":"https:\/\/lleidaesportiu.futbol\/?p=2300"},"modified":"2023-03-31T15:47:15","modified_gmt":"2023-03-31T13:47:15","slug":"raul-fuster-arnao-nou-director-de-larea-esportiva-del-club","status":"publish","type":"post","link":"https:\/\/lleidacf.cat\/es\/raul-fuster-arnao-nou-director-de-larea-esportiva-del-club\/","title":{"rendered":"Ra\u00fal Fuster Arnao, nuevo director del \u00c1rea Deportiva del club."},"content":{"rendered":"<p>Ra\u00fal Fuster asume la oferta del Lleida Esportiu como un reto importante, ilusionante y bonito que le supone el regreso al club al que m\u00e1s tiempo ha estado en su \u00e9poca como jugador. Dice que ten\u00eda ganas de f\u00fatbol profesional y que por eso vuelve con m\u00e1s experiencia y con voluntad de sumar en todo lo que se necesite para hacer que el equipo se garantice, primero, la salvaci\u00f3n y despu\u00e9s vuelva a estar lo m\u00e1s arriba posible.<\/p>\n\n\n\n<p>El ilicitano deja atr\u00e1s su etapa de tres a\u00f1os como director deportivo de la cantera del Club Costa City y asumir\u00e1, entre otros, el trabajo de valoraci\u00f3n y ajustes de la plantilla y la puesta en com\u00fan de todo lo que permita consolidar, a medio-largo plazo, la mejor versi\u00f3n del Primer Equipo y tambi\u00e9n de la base, coordinadamente con sus responsables.\u00a0<\/p>\n\n\n\n<p><\/p>\n\n\n\n<figure class=\"wp-block-image size-large\"><img fetchpriority=\"high\" decoding=\"async\" width=\"1024\" height=\"683\" src=\"https:\/\/lleidacf.cat\/wp-content\/uploads\/2023\/03\/RAUL-FUSTER-1-1024x683.jpeg\" alt=\"\" class=\"wp-image-2301\" srcset=\"https:\/\/lleidacf.cat\/wp-content\/uploads\/2023\/03\/RAUL-FUSTER-1-1024x683.jpeg 1024w, https:\/\/lleidacf.cat\/wp-content\/uploads\/2023\/03\/RAUL-FUSTER-1-300x200.jpeg 300w, https:\/\/lleidacf.cat\/wp-content\/uploads\/2023\/03\/RAUL-FUSTER-1-768x512.jpeg 768w, https:\/\/lleidacf.cat\/wp-content\/uploads\/2023\/03\/RAUL-FUSTER-1-1536x1024.jpeg 1536w, https:\/\/lleidacf.cat\/wp-content\/uploads\/2023\/03\/RAUL-FUSTER-1-18x12.jpeg 18w, https:\/\/lleidacf.cat\/wp-content\/uploads\/2023\/03\/RAUL-FUSTER-1.jpeg 1848w\" sizes=\"(max-width: 1024px) 100vw, 1024px\" \/><\/figure>","protected":false},"excerpt":{"rendered":"<p>Ra\u00fal Fuster asume la oferta del Lleida Esportiu como un reto importante, ilusionante y bonito que le supone el regreso al\u2026<\/p>","protected":false},"author":6,"featured_media":2302,"comment_status":"closed","ping_status":"open","sticky":false,"template":"","format":"standard","meta":{"footnotes":""},"categories":[36],"tags":[],"temporada":[32],"club":[23],"class_list":["post-2300","post","type-post","status-publish","format-standard","has-post-thumbnail","hentry","category-noticies","temporada-2022-2023","club-lleida-esportiu"],"_links":{"self":[{"href":"https:\/\/lleidacf.cat\/es\/wp-json\/wp\/v2\/posts\/2300","targetHints":{"allow":["GET"]}}],"collection":[{"href":"https:\/\/lleidacf.cat\/es\/wp-json\/wp\/v2\/posts"}],"about":[{"href":"https:\/\/lleidacf.cat\/es\/wp-json\/wp\/v2\/types\/post"}],"author":[{"embeddable":true,"href":"https:\/\/lleidacf.cat\/es\/wp-json\/wp\/v2\/users\/6"}],"replies":[{"embeddable":true,"href":"https:\/\/lleidacf.cat\/es\/wp-json\/wp\/v2\/comments?post=2300"}],"version-history":[{"count":0,"href":"https:\/\/lleidacf.cat\/es\/wp-json\/wp\/v2\/posts\/2300\/revisions"}],"wp:featuredmedia":[{"embeddable":true,"href":"https:\/\/lleidacf.cat\/es\/wp-json\/wp\/v2\/media\/2302"}],"wp:attachment":[{"href":"https:\/\/lleidacf.cat\/es\/wp-json\/wp\/v2\/media?parent=2300"}],"wp:term":[{"taxonomy":"category","embeddable":true,"href":"https:\/\/lleidacf.cat\/es\/wp-json\/wp\/v2\/categories?post=2300"},{"taxonomy":"post_tag","embeddable":true,"href":"https:\/\/lleidacf.cat\/es\/wp-json\/wp\/v2\/tags?post=2300"},{"taxonomy":"temporada","embeddable":true,"href":"https:\/\/lleidacf.cat\/es\/wp-json\/wp\/v2\/temporada?post=2300"},{"taxonomy":"club","embeddable":true,"href":"https:\/\/lleidacf.cat\/es\/wp-json\/wp\/v2\/club?post=2300"}],"curies":[{"name":"wp","href":"https:\/\/api.w.org\/{rel}","templated":true}]}}