{"id":2621,"date":"2023-04-28T11:14:23","date_gmt":"2023-04-28T09:14:23","guid":{"rendered":"https:\/\/lleidaesportiu.futbol\/?p=2621"},"modified":"2023-04-28T11:32:12","modified_gmt":"2023-04-28T09:32:12","slug":"el-camp-desports-acollira-el-catalunya-mali-on-tindra-lloc-el-comiat-de-bojan-krkic","status":"publish","type":"post","link":"https:\/\/lleidacf.cat\/es\/el-camp-desports-acollira-el-catalunya-mali-on-tindra-lloc-el-comiat-de-bojan-krkic\/","title":{"rendered":"El Campo de Deportes acoger\u00e1 el Catalunya-Mali, donde tendr\u00e1 lugar la despedida de Bojan Krkic."},"content":{"rendered":"<p>Los responsables de la Federaci\u00f3n Catalana de F\u00fatbol han escogido las instalaciones del Camp d&#039;Esports como escenario del amistoso que el 8 de junio deben disputar las selecciones de Catalu\u00f1a y Mali. El estadio leridano se estrenar\u00e1 as\u00ed como en sede de la Selecci\u00f3n Catalana Absoluta masculina en las comarcas de Ponent, en este partido internacional que se disputar\u00e1 a las 19.00 horas.<\/p>\n\n\n\n<p>Este gran evento deportivo, organizado por la FCF con el apoyo del Ayuntamiento de Lleida y la Fundaci\u00f3 Esport Lleida, supondr\u00e1, adem\u00e1s, la despedida del delantero leridano Bojan Krkic, despu\u00e9s de que haya anunciado su retirada del f\u00fatbol profesional.<\/p>\n\n\n\n<p>La delegaci\u00f3n de la FCF, acompa\u00f1ada de los responsables del club azul y de la Paeria, han efectuado una reuni\u00f3n y una visita t\u00e9cnica para valorar in situ la idoneidad de la superficie, tanto del Campo de Deportes como del Anexo, para que la selecci\u00f3n africana quiere concentrarse unos d\u00edas antes del 8 de junio en Poniente, ya que est\u00e1n preparando su clasificaci\u00f3n para la Copa de \u00c1frica.<\/p>\n\n\n\n<p><\/p>\n\n\n\n<figure class=\"wp-block-gallery has-nested-images columns-default is-cropped wp-block-gallery-1 is-layout-flex wp-block-gallery-is-layout-flex\">\n<figure class=\"wp-block-image size-large\"><img fetchpriority=\"high\" decoding=\"async\" width=\"1024\" height=\"680\" data-id=\"2622\" src=\"https:\/\/lleidacf.cat\/wp-content\/uploads\/2023\/04\/REUNIO-FCF-1-1024x680.jpeg\" alt=\"\" class=\"wp-image-2622\" srcset=\"https:\/\/lleidacf.cat\/wp-content\/uploads\/2023\/04\/REUNIO-FCF-1-1024x680.jpeg 1024w, https:\/\/lleidacf.cat\/wp-content\/uploads\/2023\/04\/REUNIO-FCF-1-300x199.jpeg 300w, https:\/\/lleidacf.cat\/wp-content\/uploads\/2023\/04\/REUNIO-FCF-1-768x510.jpeg 768w, https:\/\/lleidacf.cat\/wp-content\/uploads\/2023\/04\/REUNIO-FCF-1-1536x1020.jpeg 1536w, https:\/\/lleidacf.cat\/wp-content\/uploads\/2023\/04\/REUNIO-FCF-1-18x12.jpeg 18w, https:\/\/lleidacf.cat\/wp-content\/uploads\/2023\/04\/REUNIO-FCF-1.jpeg 1600w\" sizes=\"(max-width: 1024px) 100vw, 1024px\" \/><\/figure>\n\n\n\n<figure class=\"wp-block-image size-large\"><img decoding=\"async\" width=\"1024\" height=\"680\" data-id=\"2623\" src=\"https:\/\/lleidacf.cat\/wp-content\/uploads\/2023\/04\/REUNIO-FCF-2-1024x680.jpeg\" alt=\"\" class=\"wp-image-2623\" srcset=\"https:\/\/lleidacf.cat\/wp-content\/uploads\/2023\/04\/REUNIO-FCF-2-1024x680.jpeg 1024w, https:\/\/lleidacf.cat\/wp-content\/uploads\/2023\/04\/REUNIO-FCF-2-300x199.jpeg 300w, https:\/\/lleidacf.cat\/wp-content\/uploads\/2023\/04\/REUNIO-FCF-2-768x510.jpeg 768w, https:\/\/lleidacf.cat\/wp-content\/uploads\/2023\/04\/REUNIO-FCF-2-1536x1020.jpeg 1536w, https:\/\/lleidacf.cat\/wp-content\/uploads\/2023\/04\/REUNIO-FCF-2-18x12.jpeg 18w, https:\/\/lleidacf.cat\/wp-content\/uploads\/2023\/04\/REUNIO-FCF-2.jpeg 1600w\" sizes=\"(max-width: 1024px) 100vw, 1024px\" \/><\/figure>\n\n\n\n<figure class=\"wp-block-image size-large\"><img decoding=\"async\" width=\"1024\" height=\"680\" data-id=\"2624\" src=\"https:\/\/lleidacf.cat\/wp-content\/uploads\/2023\/04\/REUNIO-FCF-3-1024x680.jpeg\" alt=\"\" class=\"wp-image-2624\" srcset=\"https:\/\/lleidacf.cat\/wp-content\/uploads\/2023\/04\/REUNIO-FCF-3-1024x680.jpeg 1024w, https:\/\/lleidacf.cat\/wp-content\/uploads\/2023\/04\/REUNIO-FCF-3-300x199.jpeg 300w, https:\/\/lleidacf.cat\/wp-content\/uploads\/2023\/04\/REUNIO-FCF-3-768x510.jpeg 768w, https:\/\/lleidacf.cat\/wp-content\/uploads\/2023\/04\/REUNIO-FCF-3-1536x1020.jpeg 1536w, https:\/\/lleidacf.cat\/wp-content\/uploads\/2023\/04\/REUNIO-FCF-3-18x12.jpeg 18w, https:\/\/lleidacf.cat\/wp-content\/uploads\/2023\/04\/REUNIO-FCF-3.jpeg 1600w\" sizes=\"(max-width: 1024px) 100vw, 1024px\" \/><\/figure>\n\n\n\n<figure class=\"wp-block-image size-large\"><img loading=\"lazy\" decoding=\"async\" width=\"1024\" height=\"680\" data-id=\"2625\" src=\"https:\/\/lleidacf.cat\/wp-content\/uploads\/2023\/04\/WhatsApp-Image-2023-04-27-at-12.57.41-2-1024x680.jpeg\" alt=\"\" class=\"wp-image-2625\" srcset=\"https:\/\/lleidacf.cat\/wp-content\/uploads\/2023\/04\/WhatsApp-Image-2023-04-27-at-12.57.41-2-1024x680.jpeg 1024w, https:\/\/lleidacf.cat\/wp-content\/uploads\/2023\/04\/WhatsApp-Image-2023-04-27-at-12.57.41-2-300x199.jpeg 300w, https:\/\/lleidacf.cat\/wp-content\/uploads\/2023\/04\/WhatsApp-Image-2023-04-27-at-12.57.41-2-768x510.jpeg 768w, https:\/\/lleidacf.cat\/wp-content\/uploads\/2023\/04\/WhatsApp-Image-2023-04-27-at-12.57.41-2-1536x1020.jpeg 1536w, https:\/\/lleidacf.cat\/wp-content\/uploads\/2023\/04\/WhatsApp-Image-2023-04-27-at-12.57.41-2-18x12.jpeg 18w, https:\/\/lleidacf.cat\/wp-content\/uploads\/2023\/04\/WhatsApp-Image-2023-04-27-at-12.57.41-2.jpeg 1600w\" sizes=\"(max-width: 1024px) 100vw, 1024px\" \/><\/figure>\n\n\n\n<figure class=\"wp-block-image size-large\"><img loading=\"lazy\" decoding=\"async\" width=\"1024\" height=\"680\" data-id=\"2626\" src=\"https:\/\/lleidacf.cat\/wp-content\/uploads\/2023\/04\/WhatsApp-Image-2023-04-27-at-12.57.41-1024x680.jpeg\" alt=\"\" class=\"wp-image-2626\" srcset=\"https:\/\/lleidacf.cat\/wp-content\/uploads\/2023\/04\/WhatsApp-Image-2023-04-27-at-12.57.41-1024x680.jpeg 1024w, https:\/\/lleidacf.cat\/wp-content\/uploads\/2023\/04\/WhatsApp-Image-2023-04-27-at-12.57.41-300x199.jpeg 300w, https:\/\/lleidacf.cat\/wp-content\/uploads\/2023\/04\/WhatsApp-Image-2023-04-27-at-12.57.41-768x510.jpeg 768w, https:\/\/lleidacf.cat\/wp-content\/uploads\/2023\/04\/WhatsApp-Image-2023-04-27-at-12.57.41-1536x1020.jpeg 1536w, https:\/\/lleidacf.cat\/wp-content\/uploads\/2023\/04\/WhatsApp-Image-2023-04-27-at-12.57.41-18x12.jpeg 18w, https:\/\/lleidacf.cat\/wp-content\/uploads\/2023\/04\/WhatsApp-Image-2023-04-27-at-12.57.41.jpeg 1600w\" sizes=\"(max-width: 1024px) 100vw, 1024px\" \/><\/figure>\n<\/figure>","protected":false},"excerpt":{"rendered":"<p>Los responsables de la Federaci\u00f3n Catalana de F\u00fatbol han escogido las instalaciones del Campo de Deportes como escenario del amistoso\u2026<\/p>","protected":false},"author":6,"featured_media":2629,"comment_status":"closed","ping_status":"open","sticky":false,"template":"","format":"standard","meta":{"footnotes":""},"categories":[36],"tags":[],"temporada":[32],"club":[23],"class_list":["post-2621","post","type-post","status-publish","format-standard","has-post-thumbnail","hentry","category-noticies","temporada-2022-2023","club-lleida-esportiu"],"_links":{"self":[{"href":"https:\/\/lleidacf.cat\/es\/wp-json\/wp\/v2\/posts\/2621","targetHints":{"allow":["GET"]}}],"collection":[{"href":"https:\/\/lleidacf.cat\/es\/wp-json\/wp\/v2\/posts"}],"about":[{"href":"https:\/\/lleidacf.cat\/es\/wp-json\/wp\/v2\/types\/post"}],"author":[{"embeddable":true,"href":"https:\/\/lleidacf.cat\/es\/wp-json\/wp\/v2\/users\/6"}],"replies":[{"embeddable":true,"href":"https:\/\/lleidacf.cat\/es\/wp-json\/wp\/v2\/comments?post=2621"}],"version-history":[{"count":0,"href":"https:\/\/lleidacf.cat\/es\/wp-json\/wp\/v2\/posts\/2621\/revisions"}],"wp:featuredmedia":[{"embeddable":true,"href":"https:\/\/lleidacf.cat\/es\/wp-json\/wp\/v2\/media\/2629"}],"wp:attachment":[{"href":"https:\/\/lleidacf.cat\/es\/wp-json\/wp\/v2\/media?parent=2621"}],"wp:term":[{"taxonomy":"category","embeddable":true,"href":"https:\/\/lleidacf.cat\/es\/wp-json\/wp\/v2\/categories?post=2621"},{"taxonomy":"post_tag","embeddable":true,"href":"https:\/\/lleidacf.cat\/es\/wp-json\/wp\/v2\/tags?post=2621"},{"taxonomy":"temporada","embeddable":true,"href":"https:\/\/lleidacf.cat\/es\/wp-json\/wp\/v2\/temporada?post=2621"},{"taxonomy":"club","embeddable":true,"href":"https:\/\/lleidacf.cat\/es\/wp-json\/wp\/v2\/club?post=2621"}],"curies":[{"name":"wp","href":"https:\/\/api.w.org\/{rel}","templated":true}]}}