{"id":3015,"date":"2023-06-01T14:13:56","date_gmt":"2023-06-01T12:13:56","guid":{"rendered":"https:\/\/lleidaesportiu.futbol\/?p=3015"},"modified":"2023-06-19T16:04:53","modified_gmt":"2023-06-19T14:04:53","slug":"suspes-el-partit-de-seleccio-catalunya-mali","status":"publish","type":"post","link":"https:\/\/lleidacf.cat\/es\/suspes-el-partit-de-seleccio-catalunya-mali\/","title":{"rendered":"Suspendido el partido de selecci\u00f3n Catalunya-Mali!!!"},"content":{"rendered":"<p><strong>En breve informaremos de c\u00f3mo proceder para la devoluci\u00f3n de los importes de las entradas.<\/strong><\/p>\n\n\n\n<p>La renuncia de la Federaci\u00f3n de Mal\u00ed a disputar el partido internacional con la selecci\u00f3n de Catalunya en el Camp d&#039;Esports ha obligado a la suspensi\u00f3n del encuentro que deb\u00eda celebrarse el pr\u00f3ximo jueves, d\u00eda 8 de junio, como homenaje al leridano Bojan Krkic en su despedida de los terrenos de juego.<\/p>\n\n\n\n<p>La Federaci\u00f3n Catalana de F\u00fatbol ha lamentado la inesperada circunstancia ajena a la voluntad de los organizadores y colaboradores despu\u00e9s de que la Federaci\u00f3n Maliana haya alegado motivos de fuerza mayor para evitar viajar a Catalu\u00f1a.<\/p>\n\n\n\n<p>Agradeciendo el compromiso de todos los agentes que han estado implicados en la organizaci\u00f3n, la FCF ha expresado su disculpa p\u00fablica hacia instituciones, hacia el club Lleida Esportiu, a Bojan Krkic y al resto de jugadores, proveedores, patrocinadores y p\u00fablico en general.<\/p>","protected":false},"excerpt":{"rendered":"<p>En breve informaremos de c\u00f3mo proceder para la devoluci\u00f3n de los importes de las entradas. La renuncia de la\u2026<\/p>","protected":false},"author":6,"featured_media":3016,"comment_status":"closed","ping_status":"open","sticky":false,"template":"","format":"standard","meta":{"footnotes":""},"categories":[36],"tags":[],"temporada":[32],"club":[23],"class_list":["post-3015","post","type-post","status-publish","format-standard","has-post-thumbnail","hentry","category-noticies","temporada-2022-2023","club-lleida-esportiu"],"_links":{"self":[{"href":"https:\/\/lleidacf.cat\/es\/wp-json\/wp\/v2\/posts\/3015","targetHints":{"allow":["GET"]}}],"collection":[{"href":"https:\/\/lleidacf.cat\/es\/wp-json\/wp\/v2\/posts"}],"about":[{"href":"https:\/\/lleidacf.cat\/es\/wp-json\/wp\/v2\/types\/post"}],"author":[{"embeddable":true,"href":"https:\/\/lleidacf.cat\/es\/wp-json\/wp\/v2\/users\/6"}],"replies":[{"embeddable":true,"href":"https:\/\/lleidacf.cat\/es\/wp-json\/wp\/v2\/comments?post=3015"}],"version-history":[{"count":0,"href":"https:\/\/lleidacf.cat\/es\/wp-json\/wp\/v2\/posts\/3015\/revisions"}],"wp:featuredmedia":[{"embeddable":true,"href":"https:\/\/lleidacf.cat\/es\/wp-json\/wp\/v2\/media\/3016"}],"wp:attachment":[{"href":"https:\/\/lleidacf.cat\/es\/wp-json\/wp\/v2\/media?parent=3015"}],"wp:term":[{"taxonomy":"category","embeddable":true,"href":"https:\/\/lleidacf.cat\/es\/wp-json\/wp\/v2\/categories?post=3015"},{"taxonomy":"post_tag","embeddable":true,"href":"https:\/\/lleidacf.cat\/es\/wp-json\/wp\/v2\/tags?post=3015"},{"taxonomy":"temporada","embeddable":true,"href":"https:\/\/lleidacf.cat\/es\/wp-json\/wp\/v2\/temporada?post=3015"},{"taxonomy":"club","embeddable":true,"href":"https:\/\/lleidacf.cat\/es\/wp-json\/wp\/v2\/club?post=3015"}],"curies":[{"name":"wp","href":"https:\/\/api.w.org\/{rel}","templated":true}]}}