{"id":3018,"date":"2023-06-01T15:00:40","date_gmt":"2023-06-01T13:00:40","guid":{"rendered":"https:\/\/lleidaesportiu.futbol\/?p=3018"},"modified":"2023-06-22T13:18:07","modified_gmt":"2023-06-22T11:18:07","slug":"el-lleida-esportiu-present-al-comiat-a-sergio-busquets-al-camp-nou","status":"publish","type":"post","link":"https:\/\/lleidacf.cat\/es\/el-lleida-esportiu-present-al-comiat-a-sergio-busquets-al-camp-nou\/","title":{"rendered":"El Lleida Esportiu, presente en la despedida a Sergio Busquets en el Camp Nou."},"content":{"rendered":"<p>El director general, Vicente Javaloyes, y el asesor jur\u00eddico del Lleida Esportiu, Marc Torres han asistido al acto de despedida del capit\u00e1n del F\u00fatbol Club Barcelona. Sergio Busquets inici\u00f3 su carrera futbol\u00edstica en la Uni\u00f3 Esportiva Lleida. La despedida al jugador azulgrana ha reunido en el Camp Nou al presidente del Bar\u00e7a, Joan Laporta; al entrenador, Xavi Hern\u00e1ndez ya muchos compa\u00f1eros y excompa\u00f1eros de equipo.&nbsp;<\/p>\n\n\n\n<figure class=\"wp-block-gallery has-nested-images columns-default is-cropped wp-block-gallery-1 is-layout-flex wp-block-gallery-is-layout-flex\">\n<figure class=\"wp-block-image size-large\"><img fetchpriority=\"high\" decoding=\"async\" width=\"1024\" height=\"768\" data-id=\"3021\" src=\"https:\/\/lleidacf.cat\/wp-content\/uploads\/2023\/06\/COMIAT-BUSQUETS-1.jpeg\" alt=\"\" class=\"wp-image-3021\" srcset=\"https:\/\/lleidacf.cat\/wp-content\/uploads\/2023\/06\/COMIAT-BUSQUETS-1.jpeg 1024w, https:\/\/lleidacf.cat\/wp-content\/uploads\/2023\/06\/COMIAT-BUSQUETS-1-300x225.jpeg 300w, https:\/\/lleidacf.cat\/wp-content\/uploads\/2023\/06\/COMIAT-BUSQUETS-1-768x576.jpeg 768w, https:\/\/lleidacf.cat\/wp-content\/uploads\/2023\/06\/COMIAT-BUSQUETS-1-16x12.jpeg 16w\" sizes=\"(max-width: 1024px) 100vw, 1024px\" \/><\/figure>\n\n\n\n<figure class=\"wp-block-image size-large\"><img decoding=\"async\" width=\"1024\" height=\"768\" data-id=\"3022\" src=\"https:\/\/lleidacf.cat\/wp-content\/uploads\/2023\/06\/COMIAT-BUSQUETS-2.jpeg\" alt=\"\" class=\"wp-image-3022\" srcset=\"https:\/\/lleidacf.cat\/wp-content\/uploads\/2023\/06\/COMIAT-BUSQUETS-2.jpeg 1024w, https:\/\/lleidacf.cat\/wp-content\/uploads\/2023\/06\/COMIAT-BUSQUETS-2-300x225.jpeg 300w, https:\/\/lleidacf.cat\/wp-content\/uploads\/2023\/06\/COMIAT-BUSQUETS-2-768x576.jpeg 768w, https:\/\/lleidacf.cat\/wp-content\/uploads\/2023\/06\/COMIAT-BUSQUETS-2-16x12.jpeg 16w\" sizes=\"(max-width: 1024px) 100vw, 1024px\" \/><\/figure>\n\n\n\n<figure class=\"wp-block-image size-large\"><img decoding=\"async\" width=\"1024\" height=\"768\" data-id=\"3023\" src=\"https:\/\/lleidacf.cat\/wp-content\/uploads\/2023\/06\/COMIAT-BUSQUETS-3.jpeg\" alt=\"\" class=\"wp-image-3023\" srcset=\"https:\/\/lleidacf.cat\/wp-content\/uploads\/2023\/06\/COMIAT-BUSQUETS-3.jpeg 1024w, https:\/\/lleidacf.cat\/wp-content\/uploads\/2023\/06\/COMIAT-BUSQUETS-3-300x225.jpeg 300w, https:\/\/lleidacf.cat\/wp-content\/uploads\/2023\/06\/COMIAT-BUSQUETS-3-768x576.jpeg 768w, https:\/\/lleidacf.cat\/wp-content\/uploads\/2023\/06\/COMIAT-BUSQUETS-3-16x12.jpeg 16w\" sizes=\"(max-width: 1024px) 100vw, 1024px\" \/><\/figure>\n<\/figure>\n\n\n\n<figure class=\"wp-block-image size-full\"><img loading=\"lazy\" decoding=\"async\" width=\"768\" height=\"1024\" src=\"https:\/\/lleidacf.cat\/wp-content\/uploads\/2023\/06\/COMIAT-BUSQUETS-4.jpeg\" alt=\"\" class=\"wp-image-3019\" srcset=\"https:\/\/lleidacf.cat\/wp-content\/uploads\/2023\/06\/COMIAT-BUSQUETS-4.jpeg 768w, https:\/\/lleidacf.cat\/wp-content\/uploads\/2023\/06\/COMIAT-BUSQUETS-4-225x300.jpeg 225w, https:\/\/lleidacf.cat\/wp-content\/uploads\/2023\/06\/COMIAT-BUSQUETS-4-9x12.jpeg 9w\" sizes=\"(max-width: 768px) 100vw, 768px\" \/><\/figure>","protected":false},"excerpt":{"rendered":"<p>El director general, Vicente Javaloyes, y el asesor jur\u00eddico del Lleida Esportiu, Marc Torres han asistido al acto de despedida del\u2026<\/p>","protected":false},"author":6,"featured_media":3025,"comment_status":"closed","ping_status":"open","sticky":false,"template":"","format":"standard","meta":{"footnotes":""},"categories":[36],"tags":[],"temporada":[32],"club":[23],"class_list":["post-3018","post","type-post","status-publish","format-standard","has-post-thumbnail","hentry","category-noticies","temporada-2022-2023","club-lleida-esportiu"],"_links":{"self":[{"href":"https:\/\/lleidacf.cat\/es\/wp-json\/wp\/v2\/posts\/3018","targetHints":{"allow":["GET"]}}],"collection":[{"href":"https:\/\/lleidacf.cat\/es\/wp-json\/wp\/v2\/posts"}],"about":[{"href":"https:\/\/lleidacf.cat\/es\/wp-json\/wp\/v2\/types\/post"}],"author":[{"embeddable":true,"href":"https:\/\/lleidacf.cat\/es\/wp-json\/wp\/v2\/users\/6"}],"replies":[{"embeddable":true,"href":"https:\/\/lleidacf.cat\/es\/wp-json\/wp\/v2\/comments?post=3018"}],"version-history":[{"count":0,"href":"https:\/\/lleidacf.cat\/es\/wp-json\/wp\/v2\/posts\/3018\/revisions"}],"wp:featuredmedia":[{"embeddable":true,"href":"https:\/\/lleidacf.cat\/es\/wp-json\/wp\/v2\/media\/3025"}],"wp:attachment":[{"href":"https:\/\/lleidacf.cat\/es\/wp-json\/wp\/v2\/media?parent=3018"}],"wp:term":[{"taxonomy":"category","embeddable":true,"href":"https:\/\/lleidacf.cat\/es\/wp-json\/wp\/v2\/categories?post=3018"},{"taxonomy":"post_tag","embeddable":true,"href":"https:\/\/lleidacf.cat\/es\/wp-json\/wp\/v2\/tags?post=3018"},{"taxonomy":"temporada","embeddable":true,"href":"https:\/\/lleidacf.cat\/es\/wp-json\/wp\/v2\/temporada?post=3018"},{"taxonomy":"club","embeddable":true,"href":"https:\/\/lleidacf.cat\/es\/wp-json\/wp\/v2\/club?post=3018"}],"curies":[{"name":"wp","href":"https:\/\/api.w.org\/{rel}","templated":true}]}}