{"id":3064,"date":"2023-06-08T18:04:16","date_gmt":"2023-06-08T16:04:16","guid":{"rendered":"https:\/\/lleidaesportiu.futbol\/?p=3064"},"modified":"2023-10-03T10:14:07","modified_gmt":"2023-10-03T08:14:07","slug":"angel-viadero-sera-lentrenador-del-lleida-esportiu-la-temporada-2023-2024-i-marc-castellsague-sera-el-seu-segon","status":"publish","type":"post","link":"https:\/\/lleidacf.cat\/es\/angel-viadero-sera-lentrenador-del-lleida-esportiu-la-temporada-2023-2024-i-marc-castellsague-sera-el-seu-segon\/","title":{"rendered":"\u00c1ngel Viadero ser\u00e1 el entrenador del Lleida Esportiu en la temporada 2023\/2024."},"content":{"rendered":"<p>El club azul ha llegado a un acuerdo con el entrenador c\u00e1ntabro para su contrataci\u00f3n durante la temporada 2023\/2024.&nbsp;<\/p>\n\n\n\n<p>\u00c1ngel Viadero ha dirigido, durante la pasada temporada, el banquillo azul del Lleida Esportiu en un total de 15 partidos, consiguiendo un total de 7 victorias, 5 empates y 3 derrotas.<\/p>\n\n\n\n<p>El club celebra que el t\u00e9cnico haya decidido liderar la plantilla azul y conf\u00eda en que todos juntos alcanzar\u00e1n muchos y nuevos logros. &nbsp;<\/p>\n\n\n\n<p><\/p>","protected":false},"excerpt":{"rendered":"<p>El club azul ha llegado a un acuerdo con el entrenador c\u00e1ntabro para su contrataci\u00f3n durante la temporada 2023\/2024. \u2026<\/p>","protected":false},"author":6,"featured_media":3065,"comment_status":"closed","ping_status":"open","sticky":false,"template":"","format":"standard","meta":{"footnotes":""},"categories":[36],"tags":[],"temporada":[69],"club":[23],"class_list":["post-3064","post","type-post","status-publish","format-standard","has-post-thumbnail","hentry","category-noticies","temporada-2023-2024","club-lleida-esportiu"],"_links":{"self":[{"href":"https:\/\/lleidacf.cat\/es\/wp-json\/wp\/v2\/posts\/3064","targetHints":{"allow":["GET"]}}],"collection":[{"href":"https:\/\/lleidacf.cat\/es\/wp-json\/wp\/v2\/posts"}],"about":[{"href":"https:\/\/lleidacf.cat\/es\/wp-json\/wp\/v2\/types\/post"}],"author":[{"embeddable":true,"href":"https:\/\/lleidacf.cat\/es\/wp-json\/wp\/v2\/users\/6"}],"replies":[{"embeddable":true,"href":"https:\/\/lleidacf.cat\/es\/wp-json\/wp\/v2\/comments?post=3064"}],"version-history":[{"count":0,"href":"https:\/\/lleidacf.cat\/es\/wp-json\/wp\/v2\/posts\/3064\/revisions"}],"wp:featuredmedia":[{"embeddable":true,"href":"https:\/\/lleidacf.cat\/es\/wp-json\/wp\/v2\/media\/3065"}],"wp:attachment":[{"href":"https:\/\/lleidacf.cat\/es\/wp-json\/wp\/v2\/media?parent=3064"}],"wp:term":[{"taxonomy":"category","embeddable":true,"href":"https:\/\/lleidacf.cat\/es\/wp-json\/wp\/v2\/categories?post=3064"},{"taxonomy":"post_tag","embeddable":true,"href":"https:\/\/lleidacf.cat\/es\/wp-json\/wp\/v2\/tags?post=3064"},{"taxonomy":"temporada","embeddable":true,"href":"https:\/\/lleidacf.cat\/es\/wp-json\/wp\/v2\/temporada?post=3064"},{"taxonomy":"club","embeddable":true,"href":"https:\/\/lleidacf.cat\/es\/wp-json\/wp\/v2\/club?post=3064"}],"curies":[{"name":"wp","href":"https:\/\/api.w.org\/{rel}","templated":true}]}}