{"id":3112,"date":"2023-06-15T23:07:20","date_gmt":"2023-06-15T21:07:20","guid":{"rendered":"https:\/\/lleidaesportiu.futbol\/?p=3112"},"modified":"2023-10-03T10:13:32","modified_gmt":"2023-10-03T08:13:32","slug":"units-x-lescut-es-el-lema-de-la-campanya-dabonaments-2023-24","status":"publish","type":"post","link":"https:\/\/lleidacf.cat\/es\/units-x-lescut-es-el-lema-de-la-campanya-dabonaments-2023-24\/","title":{"rendered":"&#8216;Units x l\u2019escut&#8217; \u00e9s el lema de la campanya que vol aconseguir 2.324 abonades i abonats blaus"},"content":{"rendered":"<p>El Lleida Esportiu se ha marcado el objetivo de alcanzar un total de 2.324 abonos, una cifra que hace un gui\u00f1o al n\u00famero de la pr\u00f3xima temporada, la 2023-2024. Por eso el club hace un llamamiento al apoyo de todo el grueso de aficionados, seguidores y simpatizantes del equipo azul. <\/p>\n\n\n\n<p>Los precios de los abonos oscilan entre los 15 euros de la categor\u00eda Infantil y los 220 euros en la zona de Tribuna por la categor\u00eda Senior y la venta se pone en marcha hoy, cuando ya se pueden empezar a renovar los abonos tanto por la v\u00eda <em>online<\/em>, en la web <a href=\"https:\/\/lleidacf.cat\/es\/\">https:\/\/lleidacf.cat\/<\/a> o bien de forma presencial en las oficinas del club en los siguientes horarios: <strong>de MI\u00c9RCOLES A S\u00c1BADOS entre las 10.00 y las 13.30 horas y los JUEVES Y VIERNES tambi\u00e9n entre las 17.00 y las 19.30 horas<\/strong>. <\/p>\n\n\n\n<p>La campa\u00f1a consta de diferentes fases: las<strong> renovaciones deben realizarse entre el 15 de junio y el 15 de julio <\/strong>cuando comienza el <strong>per\u00edodo para los nuevos abonados<\/strong> mientras que <strong>la entrega de carnets<\/strong> se har\u00e1 a partir del d\u00eda <strong>1 de agosto<\/strong>.<\/p>\n\n\n\n<p>El abono da derecho al acceso a los 17 partidos de Liga de Segunda RFEF que se jugar\u00e1n en el Camp d&#039;Esports, la posibilidad de precio reducido para los amistosos, conservar o mejorar el n\u00famero hist\u00f3rico de abonado y de asiento, descuentos en diferentes empresas y disponer de invitaciones puntuales para distintos partidos.<\/p>\n\n\n\n<p>El club tambi\u00e9n ha presentado una promoci\u00f3n especial con <em>etelecom by 7Play<\/em> que permite la devoluci\u00f3n del importe del abono, hasta una cuant\u00eda de 120 euros, si se contrata una tarifa de fibra+m\u00f3vil con tel\u00e9fono fijo y TV gratuita. Para m\u00e1s informaci\u00f3n puede escribir en el email: <a href=\"mailto:abonats@lleidaesportiu.futbol\">abonats@lleidaesportiu.futbol<\/a><\/p>\n\n\n\n<p><\/p>\n\n\n\n<figure class=\"wp-block-gallery has-nested-images columns-default is-cropped wp-block-gallery-1 is-layout-flex wp-block-gallery-is-layout-flex\">\n<figure class=\"wp-block-image size-large\"><img fetchpriority=\"high\" decoding=\"async\" width=\"1024\" height=\"681\" data-id=\"3132\" src=\"https:\/\/lleidacf.cat\/wp-content\/uploads\/2023\/06\/DSC_0910-1024x681.jpg\" alt=\"\" class=\"wp-image-3132\" srcset=\"https:\/\/lleidacf.cat\/wp-content\/uploads\/2023\/06\/DSC_0910-1024x681.jpg 1024w, https:\/\/lleidacf.cat\/wp-content\/uploads\/2023\/06\/DSC_0910-300x199.jpg 300w, https:\/\/lleidacf.cat\/wp-content\/uploads\/2023\/06\/DSC_0910-768x511.jpg 768w, https:\/\/lleidacf.cat\/wp-content\/uploads\/2023\/06\/DSC_0910-1536x1021.jpg 1536w, https:\/\/lleidacf.cat\/wp-content\/uploads\/2023\/06\/DSC_0910-2048x1362.jpg 2048w, https:\/\/lleidacf.cat\/wp-content\/uploads\/2023\/06\/DSC_0910-18x12.jpg 18w\" sizes=\"(max-width: 1024px) 100vw, 1024px\" \/><\/figure>\n\n\n\n<figure class=\"wp-block-image size-large\"><img decoding=\"async\" width=\"1024\" height=\"681\" data-id=\"3134\" src=\"https:\/\/lleidacf.cat\/wp-content\/uploads\/2023\/06\/DSC_0916-1024x681.jpg\" alt=\"\" class=\"wp-image-3134\" srcset=\"https:\/\/lleidacf.cat\/wp-content\/uploads\/2023\/06\/DSC_0916-1024x681.jpg 1024w, https:\/\/lleidacf.cat\/wp-content\/uploads\/2023\/06\/DSC_0916-300x199.jpg 300w, https:\/\/lleidacf.cat\/wp-content\/uploads\/2023\/06\/DSC_0916-768x511.jpg 768w, https:\/\/lleidacf.cat\/wp-content\/uploads\/2023\/06\/DSC_0916-1536x1021.jpg 1536w, https:\/\/lleidacf.cat\/wp-content\/uploads\/2023\/06\/DSC_0916-2048x1362.jpg 2048w, https:\/\/lleidacf.cat\/wp-content\/uploads\/2023\/06\/DSC_0916-18x12.jpg 18w\" sizes=\"(max-width: 1024px) 100vw, 1024px\" \/><\/figure>\n\n\n\n<figure class=\"wp-block-image size-large\"><img decoding=\"async\" width=\"1024\" height=\"681\" data-id=\"3133\" src=\"https:\/\/lleidacf.cat\/wp-content\/uploads\/2023\/06\/DSC_0946-1024x681.jpg\" alt=\"\" class=\"wp-image-3133\" srcset=\"https:\/\/lleidacf.cat\/wp-content\/uploads\/2023\/06\/DSC_0946-1024x681.jpg 1024w, https:\/\/lleidacf.cat\/wp-content\/uploads\/2023\/06\/DSC_0946-300x199.jpg 300w, https:\/\/lleidacf.cat\/wp-content\/uploads\/2023\/06\/DSC_0946-768x511.jpg 768w, https:\/\/lleidacf.cat\/wp-content\/uploads\/2023\/06\/DSC_0946-1536x1021.jpg 1536w, https:\/\/lleidacf.cat\/wp-content\/uploads\/2023\/06\/DSC_0946-2048x1362.jpg 2048w, https:\/\/lleidacf.cat\/wp-content\/uploads\/2023\/06\/DSC_0946-18x12.jpg 18w\" sizes=\"(max-width: 1024px) 100vw, 1024px\" \/><\/figure>\n\n\n\n<figure class=\"wp-block-image size-large\"><img loading=\"lazy\" decoding=\"async\" width=\"1024\" height=\"681\" data-id=\"3136\" src=\"https:\/\/lleidacf.cat\/wp-content\/uploads\/2023\/06\/DSC_0951-1024x681.jpg\" alt=\"\" class=\"wp-image-3136\" srcset=\"https:\/\/lleidacf.cat\/wp-content\/uploads\/2023\/06\/DSC_0951-1024x681.jpg 1024w, https:\/\/lleidacf.cat\/wp-content\/uploads\/2023\/06\/DSC_0951-300x199.jpg 300w, https:\/\/lleidacf.cat\/wp-content\/uploads\/2023\/06\/DSC_0951-768x511.jpg 768w, https:\/\/lleidacf.cat\/wp-content\/uploads\/2023\/06\/DSC_0951-1536x1021.jpg 1536w, https:\/\/lleidacf.cat\/wp-content\/uploads\/2023\/06\/DSC_0951-2048x1362.jpg 2048w, https:\/\/lleidacf.cat\/wp-content\/uploads\/2023\/06\/DSC_0951-18x12.jpg 18w\" sizes=\"(max-width: 1024px) 100vw, 1024px\" \/><\/figure>\n\n\n\n<figure class=\"wp-block-image size-large\"><img loading=\"lazy\" decoding=\"async\" width=\"1024\" height=\"681\" data-id=\"3135\" src=\"https:\/\/lleidacf.cat\/wp-content\/uploads\/2023\/06\/DSC_0954-1024x681.jpg\" alt=\"\" class=\"wp-image-3135\" srcset=\"https:\/\/lleidacf.cat\/wp-content\/uploads\/2023\/06\/DSC_0954-1024x681.jpg 1024w, https:\/\/lleidacf.cat\/wp-content\/uploads\/2023\/06\/DSC_0954-300x199.jpg 300w, https:\/\/lleidacf.cat\/wp-content\/uploads\/2023\/06\/DSC_0954-768x511.jpg 768w, https:\/\/lleidacf.cat\/wp-content\/uploads\/2023\/06\/DSC_0954-1536x1021.jpg 1536w, https:\/\/lleidacf.cat\/wp-content\/uploads\/2023\/06\/DSC_0954-2048x1362.jpg 2048w, https:\/\/lleidacf.cat\/wp-content\/uploads\/2023\/06\/DSC_0954-18x12.jpg 18w\" sizes=\"(max-width: 1024px) 100vw, 1024px\" \/><\/figure>\n<\/figure>","protected":false},"excerpt":{"rendered":"<p>El Lleida Esportiu se ha marcado el objetivo de alcanzar un total de 2.324 abonos, una cifra que hace un gui\u00f1o al\u2026<\/p>","protected":false},"author":6,"featured_media":3113,"comment_status":"closed","ping_status":"open","sticky":false,"template":"","format":"standard","meta":{"footnotes":""},"categories":[36],"tags":[],"temporada":[69],"club":[23],"class_list":["post-3112","post","type-post","status-publish","format-standard","has-post-thumbnail","hentry","category-noticies","temporada-2023-2024","club-lleida-esportiu"],"_links":{"self":[{"href":"https:\/\/lleidacf.cat\/es\/wp-json\/wp\/v2\/posts\/3112","targetHints":{"allow":["GET"]}}],"collection":[{"href":"https:\/\/lleidacf.cat\/es\/wp-json\/wp\/v2\/posts"}],"about":[{"href":"https:\/\/lleidacf.cat\/es\/wp-json\/wp\/v2\/types\/post"}],"author":[{"embeddable":true,"href":"https:\/\/lleidacf.cat\/es\/wp-json\/wp\/v2\/users\/6"}],"replies":[{"embeddable":true,"href":"https:\/\/lleidacf.cat\/es\/wp-json\/wp\/v2\/comments?post=3112"}],"version-history":[{"count":0,"href":"https:\/\/lleidacf.cat\/es\/wp-json\/wp\/v2\/posts\/3112\/revisions"}],"wp:featuredmedia":[{"embeddable":true,"href":"https:\/\/lleidacf.cat\/es\/wp-json\/wp\/v2\/media\/3113"}],"wp:attachment":[{"href":"https:\/\/lleidacf.cat\/es\/wp-json\/wp\/v2\/media?parent=3112"}],"wp:term":[{"taxonomy":"category","embeddable":true,"href":"https:\/\/lleidacf.cat\/es\/wp-json\/wp\/v2\/categories?post=3112"},{"taxonomy":"post_tag","embeddable":true,"href":"https:\/\/lleidacf.cat\/es\/wp-json\/wp\/v2\/tags?post=3112"},{"taxonomy":"temporada","embeddable":true,"href":"https:\/\/lleidacf.cat\/es\/wp-json\/wp\/v2\/temporada?post=3112"},{"taxonomy":"club","embeddable":true,"href":"https:\/\/lleidacf.cat\/es\/wp-json\/wp\/v2\/club?post=3112"}],"curies":[{"name":"wp","href":"https:\/\/api.w.org\/{rel}","templated":true}]}}