{"id":3186,"date":"2023-06-21T16:09:39","date_gmt":"2023-06-21T14:09:39","guid":{"rendered":"https:\/\/lleidaesportiu.futbol\/?p=3186"},"modified":"2023-10-03T10:12:17","modified_gmt":"2023-10-03T08:12:17","slug":"el-club-renova-a-inaki","status":"publish","type":"post","link":"https:\/\/lleidacf.cat\/es\/el-club-renova-a-inaki\/","title":{"rendered":"\u00a1El Club renueva a I\u00f1aki \u00c1lvarez!"},"content":{"rendered":"<p class=\"has-text-align-left\">El guardameta navarro ser\u00e1 azul una temporada m\u00e1s despu\u00e9s de haber cerrado la 2022-2023 como el segundo mejor portero, en cuanto a goles encajados, del grupo 3 de la categor\u00eda de la Segunda RFEF a la que, ahora mismo, pertenece el Lleida Esportiu . <\/p>\n\n\n\n<p class=\"has-text-align-left\">I\u00f1aki \u00c1lvarez ha jugado 29 de los 34 partidos de Liga consiguiendo porter\u00eda cero en quince ocasiones. <\/p>\n\n\n\n<p class=\"has-text-align-left\">El club le ha renovado para la temporada 2023-2024.<\/p>\n\n\n\n<p><\/p>","protected":false},"excerpt":{"rendered":"<p>El guardameta navarro ser\u00e1 azul una temporada m\u00e1s despu\u00e9s de haber cerrado la 2022-2023 como el segundo mejor portero, por lo que\u2026<\/p>","protected":false},"author":6,"featured_media":3187,"comment_status":"closed","ping_status":"open","sticky":false,"template":"","format":"standard","meta":{"footnotes":""},"categories":[36],"tags":[],"temporada":[69],"club":[],"class_list":["post-3186","post","type-post","status-publish","format-standard","has-post-thumbnail","hentry","category-noticies","temporada-2023-2024"],"_links":{"self":[{"href":"https:\/\/lleidacf.cat\/es\/wp-json\/wp\/v2\/posts\/3186","targetHints":{"allow":["GET"]}}],"collection":[{"href":"https:\/\/lleidacf.cat\/es\/wp-json\/wp\/v2\/posts"}],"about":[{"href":"https:\/\/lleidacf.cat\/es\/wp-json\/wp\/v2\/types\/post"}],"author":[{"embeddable":true,"href":"https:\/\/lleidacf.cat\/es\/wp-json\/wp\/v2\/users\/6"}],"replies":[{"embeddable":true,"href":"https:\/\/lleidacf.cat\/es\/wp-json\/wp\/v2\/comments?post=3186"}],"version-history":[{"count":0,"href":"https:\/\/lleidacf.cat\/es\/wp-json\/wp\/v2\/posts\/3186\/revisions"}],"wp:featuredmedia":[{"embeddable":true,"href":"https:\/\/lleidacf.cat\/es\/wp-json\/wp\/v2\/media\/3187"}],"wp:attachment":[{"href":"https:\/\/lleidacf.cat\/es\/wp-json\/wp\/v2\/media?parent=3186"}],"wp:term":[{"taxonomy":"category","embeddable":true,"href":"https:\/\/lleidacf.cat\/es\/wp-json\/wp\/v2\/categories?post=3186"},{"taxonomy":"post_tag","embeddable":true,"href":"https:\/\/lleidacf.cat\/es\/wp-json\/wp\/v2\/tags?post=3186"},{"taxonomy":"temporada","embeddable":true,"href":"https:\/\/lleidacf.cat\/es\/wp-json\/wp\/v2\/temporada?post=3186"},{"taxonomy":"club","embeddable":true,"href":"https:\/\/lleidacf.cat\/es\/wp-json\/wp\/v2\/club?post=3186"}],"curies":[{"name":"wp","href":"https:\/\/api.w.org\/{rel}","templated":true}]}}