{"id":3212,"date":"2023-06-26T15:55:22","date_gmt":"2023-06-26T13:55:22","guid":{"rendered":"https:\/\/lleidaesportiu.futbol\/?p=3212"},"modified":"2023-10-03T10:11:42","modified_gmt":"2023-10-03T08:11:42","slug":"pablo-diez-coro-porter-sub-23-fitxa-pel-lleida-esportiu","status":"publish","type":"post","link":"https:\/\/lleidacf.cat\/es\/pablo-diez-coro-porter-sub-23-fitxa-pel-lleida-esportiu\/","title":{"rendered":"Pablo D\u00edez Coro, portero sub-23, ficha por el Lleida Esportiu."},"content":{"rendered":"<p>El guardameta sub-23 se incorpora a la plantilla 2023-2024 del club azul.<\/p>\n\n\n\n<p>Natural de Oviedo, con 21 a\u00f1os y 1,87 de altura, llega al Lleida Esportiu proveniente del Rayo Cantabria de donde ha formado parte en las dos \u00faltimas temporadas.&nbsp;<\/p>\n\n\n\n<p>La trayectoria del joven asturiano tambi\u00e9n le ha llevado a pasar por clubes como el Llanera, Sporting de Gij\u00f3n y Sporting de Gij\u00f3n B.&nbsp;<\/p>\n\n\n\n<figure class=\"wp-block-image size-large\"><img fetchpriority=\"high\" decoding=\"async\" width=\"819\" height=\"1024\" src=\"https:\/\/lleidacf.cat\/wp-content\/uploads\/2023\/06\/PABLO-DIEZ-CORO-FOTO-VERTICAL-819x1024.jpeg\" alt=\"\" class=\"wp-image-3215\" srcset=\"https:\/\/lleidacf.cat\/wp-content\/uploads\/2023\/06\/PABLO-DIEZ-CORO-FOTO-VERTICAL-819x1024.jpeg 819w, https:\/\/lleidacf.cat\/wp-content\/uploads\/2023\/06\/PABLO-DIEZ-CORO-FOTO-VERTICAL-240x300.jpeg 240w, https:\/\/lleidacf.cat\/wp-content\/uploads\/2023\/06\/PABLO-DIEZ-CORO-FOTO-VERTICAL-768x960.jpeg 768w, https:\/\/lleidacf.cat\/wp-content\/uploads\/2023\/06\/PABLO-DIEZ-CORO-FOTO-VERTICAL-10x12.jpeg 10w, https:\/\/lleidacf.cat\/wp-content\/uploads\/2023\/06\/PABLO-DIEZ-CORO-FOTO-VERTICAL.jpeg 1080w\" sizes=\"(max-width: 819px) 100vw, 819px\" \/><\/figure>","protected":false},"excerpt":{"rendered":"<p>El guardameta sub-23 se incorpora a la plantilla 2023-2024 del club azul. Natural de Oviedo, con 21 a\u00f1os y 1,87 de altura,\u2026<\/p>","protected":false},"author":6,"featured_media":3217,"comment_status":"closed","ping_status":"open","sticky":false,"template":"","format":"standard","meta":{"footnotes":""},"categories":[36],"tags":[],"temporada":[69],"club":[23],"class_list":["post-3212","post","type-post","status-publish","format-standard","has-post-thumbnail","hentry","category-noticies","temporada-2023-2024","club-lleida-esportiu"],"_links":{"self":[{"href":"https:\/\/lleidacf.cat\/es\/wp-json\/wp\/v2\/posts\/3212","targetHints":{"allow":["GET"]}}],"collection":[{"href":"https:\/\/lleidacf.cat\/es\/wp-json\/wp\/v2\/posts"}],"about":[{"href":"https:\/\/lleidacf.cat\/es\/wp-json\/wp\/v2\/types\/post"}],"author":[{"embeddable":true,"href":"https:\/\/lleidacf.cat\/es\/wp-json\/wp\/v2\/users\/6"}],"replies":[{"embeddable":true,"href":"https:\/\/lleidacf.cat\/es\/wp-json\/wp\/v2\/comments?post=3212"}],"version-history":[{"count":0,"href":"https:\/\/lleidacf.cat\/es\/wp-json\/wp\/v2\/posts\/3212\/revisions"}],"wp:featuredmedia":[{"embeddable":true,"href":"https:\/\/lleidacf.cat\/es\/wp-json\/wp\/v2\/media\/3217"}],"wp:attachment":[{"href":"https:\/\/lleidacf.cat\/es\/wp-json\/wp\/v2\/media?parent=3212"}],"wp:term":[{"taxonomy":"category","embeddable":true,"href":"https:\/\/lleidacf.cat\/es\/wp-json\/wp\/v2\/categories?post=3212"},{"taxonomy":"post_tag","embeddable":true,"href":"https:\/\/lleidacf.cat\/es\/wp-json\/wp\/v2\/tags?post=3212"},{"taxonomy":"temporada","embeddable":true,"href":"https:\/\/lleidacf.cat\/es\/wp-json\/wp\/v2\/temporada?post=3212"},{"taxonomy":"club","embeddable":true,"href":"https:\/\/lleidacf.cat\/es\/wp-json\/wp\/v2\/club?post=3212"}],"curies":[{"name":"wp","href":"https:\/\/api.w.org\/{rel}","templated":true}]}}