{"id":3235,"date":"2023-06-30T10:41:19","date_gmt":"2023-06-30T08:41:19","guid":{"rendered":"https:\/\/lleidaesportiu.futbol\/?p=3235"},"modified":"2023-10-03T10:10:47","modified_gmt":"2023-10-03T08:10:47","slug":"fernando-cortijo-nova-incorporacio-al-lleida-esportiu","status":"publish","type":"post","link":"https:\/\/lleidacf.cat\/es\/fernando-cortijo-nova-incorporacio-al-lleida-esportiu\/","title":{"rendered":"Fernando Cortijo del Hoyo, nueva incorporaci\u00f3n en el Lleida Esportiu."},"content":{"rendered":"<p>El lateral izquierdo, de 23 a\u00f1os, es otra de las nuevas incorporaciones a la plantilla azul para el per\u00edodo 2023-2024.<\/p>\n\n\n\n<p>Fernando Cortijo del Hoyo, natural de Sisante en Cuenca, debut\u00f3 en el 2021 con el Socu\u00e9llamos y ha estado jugando hasta ahora en Alzira.<\/p>\n\n\n\n<p class=\"has-text-align-left\">El carrilero con experiencia en la 2\u00aa RFEF viene de jugar un total de 67 partidos durante las dos \u00faltimas temporadas. Es un jugador con recorrido y que tiene llegada tanto en ataque como en defensa.<\/p>","protected":false},"excerpt":{"rendered":"<p>El lateral izquierdo, de 23 a\u00f1os, es otra de las nuevas incorporaciones a la plantilla azul para el per\u00edodo 2023-2024\u2026.<\/p>","protected":false},"author":6,"featured_media":3236,"comment_status":"closed","ping_status":"open","sticky":false,"template":"","format":"standard","meta":{"footnotes":""},"categories":[36],"tags":[],"temporada":[69],"club":[23],"class_list":["post-3235","post","type-post","status-publish","format-standard","has-post-thumbnail","hentry","category-noticies","temporada-2023-2024","club-lleida-esportiu"],"_links":{"self":[{"href":"https:\/\/lleidacf.cat\/es\/wp-json\/wp\/v2\/posts\/3235","targetHints":{"allow":["GET"]}}],"collection":[{"href":"https:\/\/lleidacf.cat\/es\/wp-json\/wp\/v2\/posts"}],"about":[{"href":"https:\/\/lleidacf.cat\/es\/wp-json\/wp\/v2\/types\/post"}],"author":[{"embeddable":true,"href":"https:\/\/lleidacf.cat\/es\/wp-json\/wp\/v2\/users\/6"}],"replies":[{"embeddable":true,"href":"https:\/\/lleidacf.cat\/es\/wp-json\/wp\/v2\/comments?post=3235"}],"version-history":[{"count":0,"href":"https:\/\/lleidacf.cat\/es\/wp-json\/wp\/v2\/posts\/3235\/revisions"}],"wp:featuredmedia":[{"embeddable":true,"href":"https:\/\/lleidacf.cat\/es\/wp-json\/wp\/v2\/media\/3236"}],"wp:attachment":[{"href":"https:\/\/lleidacf.cat\/es\/wp-json\/wp\/v2\/media?parent=3235"}],"wp:term":[{"taxonomy":"category","embeddable":true,"href":"https:\/\/lleidacf.cat\/es\/wp-json\/wp\/v2\/categories?post=3235"},{"taxonomy":"post_tag","embeddable":true,"href":"https:\/\/lleidacf.cat\/es\/wp-json\/wp\/v2\/tags?post=3235"},{"taxonomy":"temporada","embeddable":true,"href":"https:\/\/lleidacf.cat\/es\/wp-json\/wp\/v2\/temporada?post=3235"},{"taxonomy":"club","embeddable":true,"href":"https:\/\/lleidacf.cat\/es\/wp-json\/wp\/v2\/club?post=3235"}],"curies":[{"name":"wp","href":"https:\/\/api.w.org\/{rel}","templated":true}]}}