{"id":3258,"date":"2023-07-03T10:32:00","date_gmt":"2023-07-03T08:32:00","guid":{"rendered":"https:\/\/lleidaesportiu.futbol\/?p=3258"},"modified":"2023-10-03T10:10:29","modified_gmt":"2023-10-03T08:10:29","slug":"joan-campins-una-temporada-mes-amb-el-lleida-esportiu","status":"publish","type":"post","link":"https:\/\/lleidacf.cat\/es\/joan-campins-una-temporada-mes-amb-el-lleida-esportiu\/","title":{"rendered":"Joan Campins, \u00a1una temporada m\u00e1s con el Lleida Esportiu!"},"content":{"rendered":"<p>El defensa, que lleg\u00f3 al club azul el pasado mercado de invierno proveniente de la UD Logro\u00f1\u00e9s de Primera RFEF, formar\u00e1 parte de la plantilla de 2023-2024.<\/p>\n\n\n\n<p>Campins es un jugador que se adapta a distintas posiciones dentro del campo y se caracteriza por su contundencia defensiva, juego a\u00e9reo y velocidad.<\/p>\n\n\n\n<figure class=\"wp-block-image size-large\"><img fetchpriority=\"high\" decoding=\"async\" width=\"819\" height=\"1024\" src=\"https:\/\/lleidacf.cat\/wp-content\/uploads\/2023\/07\/CAMPINS-RENOVA-819x1024.jpeg\" alt=\"\" class=\"wp-image-3260\" srcset=\"https:\/\/lleidacf.cat\/wp-content\/uploads\/2023\/07\/CAMPINS-RENOVA-819x1024.jpeg 819w, https:\/\/lleidacf.cat\/wp-content\/uploads\/2023\/07\/CAMPINS-RENOVA-240x300.jpeg 240w, https:\/\/lleidacf.cat\/wp-content\/uploads\/2023\/07\/CAMPINS-RENOVA-768x960.jpeg 768w, https:\/\/lleidacf.cat\/wp-content\/uploads\/2023\/07\/CAMPINS-RENOVA-10x12.jpeg 10w, https:\/\/lleidacf.cat\/wp-content\/uploads\/2023\/07\/CAMPINS-RENOVA.jpeg 1080w\" sizes=\"(max-width: 819px) 100vw, 819px\" \/><\/figure>","protected":false},"excerpt":{"rendered":"<p>El defensa, que lleg\u00f3 al club azul el pasado mercado de invierno proveniente de la UD Logro\u00f1\u00e9s de Primera RFEF,\u2026<\/p>","protected":false},"author":6,"featured_media":3259,"comment_status":"closed","ping_status":"open","sticky":false,"template":"","format":"standard","meta":{"footnotes":""},"categories":[36],"tags":[],"temporada":[69],"club":[23],"class_list":["post-3258","post","type-post","status-publish","format-standard","has-post-thumbnail","hentry","category-noticies","temporada-2023-2024","club-lleida-esportiu"],"_links":{"self":[{"href":"https:\/\/lleidacf.cat\/es\/wp-json\/wp\/v2\/posts\/3258","targetHints":{"allow":["GET"]}}],"collection":[{"href":"https:\/\/lleidacf.cat\/es\/wp-json\/wp\/v2\/posts"}],"about":[{"href":"https:\/\/lleidacf.cat\/es\/wp-json\/wp\/v2\/types\/post"}],"author":[{"embeddable":true,"href":"https:\/\/lleidacf.cat\/es\/wp-json\/wp\/v2\/users\/6"}],"replies":[{"embeddable":true,"href":"https:\/\/lleidacf.cat\/es\/wp-json\/wp\/v2\/comments?post=3258"}],"version-history":[{"count":0,"href":"https:\/\/lleidacf.cat\/es\/wp-json\/wp\/v2\/posts\/3258\/revisions"}],"wp:featuredmedia":[{"embeddable":true,"href":"https:\/\/lleidacf.cat\/es\/wp-json\/wp\/v2\/media\/3259"}],"wp:attachment":[{"href":"https:\/\/lleidacf.cat\/es\/wp-json\/wp\/v2\/media?parent=3258"}],"wp:term":[{"taxonomy":"category","embeddable":true,"href":"https:\/\/lleidacf.cat\/es\/wp-json\/wp\/v2\/categories?post=3258"},{"taxonomy":"post_tag","embeddable":true,"href":"https:\/\/lleidacf.cat\/es\/wp-json\/wp\/v2\/tags?post=3258"},{"taxonomy":"temporada","embeddable":true,"href":"https:\/\/lleidacf.cat\/es\/wp-json\/wp\/v2\/temporada?post=3258"},{"taxonomy":"club","embeddable":true,"href":"https:\/\/lleidacf.cat\/es\/wp-json\/wp\/v2\/club?post=3258"}],"curies":[{"name":"wp","href":"https:\/\/api.w.org\/{rel}","templated":true}]}}