{"id":3264,"date":"2023-07-03T12:00:08","date_gmt":"2023-07-03T10:00:08","guid":{"rendered":"https:\/\/lleidaesportiu.futbol\/?p=3264"},"modified":"2023-10-03T10:09:50","modified_gmt":"2023-10-03T08:09:50","slug":"roger-figueras-renova-amb-el-lleida-esportiu","status":"publish","type":"post","link":"https:\/\/lleidacf.cat\/es\/roger-figueras-renova-amb-el-lleida-esportiu\/","title":{"rendered":"\u00a1Roger Figueras renueva con el Lleida Esportiu!"},"content":{"rendered":"<p>El defensa de Valls, de 26 a\u00f1os, seguir\u00e1 en las filas del Lleida Esportiu. Roger Figueras Ballart lleg\u00f3 a Ponent en julio de 2021 y jugar\u00e1 en el club azul una temporada m\u00e1s, la 2023-2024.<\/p>\n\n\n\n<figure class=\"wp-block-image size-large\"><img fetchpriority=\"high\" decoding=\"async\" width=\"819\" height=\"1024\" src=\"https:\/\/lleidacf.cat\/wp-content\/uploads\/2023\/07\/ROGER-VERTICAL-819x1024.jpeg\" alt=\"\" class=\"wp-image-3266\" srcset=\"https:\/\/lleidacf.cat\/wp-content\/uploads\/2023\/07\/ROGER-VERTICAL-819x1024.jpeg 819w, https:\/\/lleidacf.cat\/wp-content\/uploads\/2023\/07\/ROGER-VERTICAL-240x300.jpeg 240w, https:\/\/lleidacf.cat\/wp-content\/uploads\/2023\/07\/ROGER-VERTICAL-768x960.jpeg 768w, https:\/\/lleidacf.cat\/wp-content\/uploads\/2023\/07\/ROGER-VERTICAL-10x12.jpeg 10w, https:\/\/lleidacf.cat\/wp-content\/uploads\/2023\/07\/ROGER-VERTICAL.jpeg 1080w\" sizes=\"(max-width: 819px) 100vw, 819px\" \/><\/figure>","protected":false},"excerpt":{"rendered":"<p>El defensa de Valls, de 26 a\u00f1os, seguir\u00e1 en las filas del Lleida Esportiu. Roger Figueras Ballart lleg\u00f3 a\u2026<\/p>","protected":false},"author":6,"featured_media":3265,"comment_status":"closed","ping_status":"open","sticky":false,"template":"","format":"standard","meta":{"footnotes":""},"categories":[36],"tags":[],"temporada":[69],"club":[23],"class_list":["post-3264","post","type-post","status-publish","format-standard","has-post-thumbnail","hentry","category-noticies","temporada-2023-2024","club-lleida-esportiu"],"_links":{"self":[{"href":"https:\/\/lleidacf.cat\/es\/wp-json\/wp\/v2\/posts\/3264","targetHints":{"allow":["GET"]}}],"collection":[{"href":"https:\/\/lleidacf.cat\/es\/wp-json\/wp\/v2\/posts"}],"about":[{"href":"https:\/\/lleidacf.cat\/es\/wp-json\/wp\/v2\/types\/post"}],"author":[{"embeddable":true,"href":"https:\/\/lleidacf.cat\/es\/wp-json\/wp\/v2\/users\/6"}],"replies":[{"embeddable":true,"href":"https:\/\/lleidacf.cat\/es\/wp-json\/wp\/v2\/comments?post=3264"}],"version-history":[{"count":0,"href":"https:\/\/lleidacf.cat\/es\/wp-json\/wp\/v2\/posts\/3264\/revisions"}],"wp:featuredmedia":[{"embeddable":true,"href":"https:\/\/lleidacf.cat\/es\/wp-json\/wp\/v2\/media\/3265"}],"wp:attachment":[{"href":"https:\/\/lleidacf.cat\/es\/wp-json\/wp\/v2\/media?parent=3264"}],"wp:term":[{"taxonomy":"category","embeddable":true,"href":"https:\/\/lleidacf.cat\/es\/wp-json\/wp\/v2\/categories?post=3264"},{"taxonomy":"post_tag","embeddable":true,"href":"https:\/\/lleidacf.cat\/es\/wp-json\/wp\/v2\/tags?post=3264"},{"taxonomy":"temporada","embeddable":true,"href":"https:\/\/lleidacf.cat\/es\/wp-json\/wp\/v2\/temporada?post=3264"},{"taxonomy":"club","embeddable":true,"href":"https:\/\/lleidacf.cat\/es\/wp-json\/wp\/v2\/club?post=3264"}],"curies":[{"name":"wp","href":"https:\/\/api.w.org\/{rel}","templated":true}]}}