{"id":3269,"date":"2023-07-03T15:58:37","date_gmt":"2023-07-03T13:58:37","guid":{"rendered":"https:\/\/lleidaesportiu.futbol\/?p=3269"},"modified":"2023-10-03T10:09:29","modified_gmt":"2023-10-03T08:09:29","slug":"el-barca-atletic-el-cornella-i-el-teruel-seran-els-rivals-de-1a-rfef-del-lleida-esportiu-en-els-9-amistosos-de-pretemporada","status":"publish","type":"post","link":"https:\/\/lleidacf.cat\/es\/el-barca-atletic-el-cornella-i-el-teruel-seran-els-rivals-de-1a-rfef-del-lleida-esportiu-en-els-9-amistosos-de-pretemporada\/","title":{"rendered":"Bar\u00e7a Atl\u00e9tico, Cornell\u00e0 y Teruel ser\u00e1n los rivales de 1\u00aa RFEF del Lleida Esportiu en los 9 amistosos de pretemporada."},"content":{"rendered":"<p>La plantilla azul se reincorporar\u00e1 a la actividad a partir del pr\u00f3ximo lunes d\u00eda 17, cuando se empezar\u00e1n a realizar las pruebas m\u00e9dicas a los jugadores que realizar\u00e1n el primer entrenamiento el jueves d\u00eda 20 de julio.<\/p>\n\n\n\n<p>En cuanto a los amistosos, el Lleida Esportiu disputar\u00e1 un total de 9 repartidos entre semana y s\u00e1bados, desde la \u00faltima semana de julio y durante todo el mes de agosto.<\/p>\n\n\n\n<p>Los azules jugaremos contra diferentes equipos de 1a RFEF como el Teruel, que visitar\u00e1 el Camp d&#039;Esports el 29 de julio, el 15 de agosto viajaremos al campo del Bar\u00e7a Atl\u00e8tic y recibiremos en casa en el Cornell\u00e0 el d\u00eda 19 de agosto.<\/p>\n\n\n\n<p>Tambi\u00e9n habr\u00e1 amistosos contra equipos de la misma categor\u00eda como el Zaragoza B de 2\u00aa RFEF al que visitaremos el 5 de agosto y Utebo que se desplazar\u00e1 a Lleida el d\u00eda 12 de agosto.<\/p>\n\n\n\n<p>Igualmente, habr\u00e1 enfrentamientos con grupos de la 3\u00aa RFEF como el Monz\u00f3n del 2 de agosto, el Reus que tendr\u00e1 lugar el mi\u00e9rcoles 9 de agosto y el Girona B programado para el 27 de agosto que ser\u00e1 el \u00faltimo amistoso en disputarlo antes del inicio de Liga.&nbsp;&nbsp;<\/p>\n\n\n\n<figure class=\"wp-block-image size-large\"><img fetchpriority=\"high\" decoding=\"async\" width=\"819\" height=\"1024\" src=\"https:\/\/lleidacf.cat\/wp-content\/uploads\/2023\/07\/reusfc-819x1024.png\" alt=\"\" class=\"wp-image-3273\" srcset=\"https:\/\/lleidacf.cat\/wp-content\/uploads\/2023\/07\/reusfc-819x1024.png 819w, https:\/\/lleidacf.cat\/wp-content\/uploads\/2023\/07\/reusfc-240x300.png 240w, https:\/\/lleidacf.cat\/wp-content\/uploads\/2023\/07\/reusfc-768x960.png 768w, https:\/\/lleidacf.cat\/wp-content\/uploads\/2023\/07\/reusfc-10x12.png 10w, https:\/\/lleidacf.cat\/wp-content\/uploads\/2023\/07\/reusfc.png 1080w\" sizes=\"(max-width: 819px) 100vw, 819px\" \/><\/figure>","protected":false},"excerpt":{"rendered":"<p>La plantilla azul se reincorporar\u00e1 a la actividad a partir del pr\u00f3ximo lunes d\u00eda 17, cuando se\u2026<\/p>","protected":false},"author":6,"featured_media":3274,"comment_status":"closed","ping_status":"open","sticky":false,"template":"","format":"standard","meta":{"footnotes":""},"categories":[36],"tags":[],"temporada":[69],"club":[23],"class_list":["post-3269","post","type-post","status-publish","format-standard","has-post-thumbnail","hentry","category-noticies","temporada-2023-2024","club-lleida-esportiu"],"_links":{"self":[{"href":"https:\/\/lleidacf.cat\/es\/wp-json\/wp\/v2\/posts\/3269","targetHints":{"allow":["GET"]}}],"collection":[{"href":"https:\/\/lleidacf.cat\/es\/wp-json\/wp\/v2\/posts"}],"about":[{"href":"https:\/\/lleidacf.cat\/es\/wp-json\/wp\/v2\/types\/post"}],"author":[{"embeddable":true,"href":"https:\/\/lleidacf.cat\/es\/wp-json\/wp\/v2\/users\/6"}],"replies":[{"embeddable":true,"href":"https:\/\/lleidacf.cat\/es\/wp-json\/wp\/v2\/comments?post=3269"}],"version-history":[{"count":0,"href":"https:\/\/lleidacf.cat\/es\/wp-json\/wp\/v2\/posts\/3269\/revisions"}],"wp:featuredmedia":[{"embeddable":true,"href":"https:\/\/lleidacf.cat\/es\/wp-json\/wp\/v2\/media\/3274"}],"wp:attachment":[{"href":"https:\/\/lleidacf.cat\/es\/wp-json\/wp\/v2\/media?parent=3269"}],"wp:term":[{"taxonomy":"category","embeddable":true,"href":"https:\/\/lleidacf.cat\/es\/wp-json\/wp\/v2\/categories?post=3269"},{"taxonomy":"post_tag","embeddable":true,"href":"https:\/\/lleidacf.cat\/es\/wp-json\/wp\/v2\/tags?post=3269"},{"taxonomy":"temporada","embeddable":true,"href":"https:\/\/lleidacf.cat\/es\/wp-json\/wp\/v2\/temporada?post=3269"},{"taxonomy":"club","embeddable":true,"href":"https:\/\/lleidacf.cat\/es\/wp-json\/wp\/v2\/club?post=3269"}],"curies":[{"name":"wp","href":"https:\/\/api.w.org\/{rel}","templated":true}]}}