{"id":3308,"date":"2023-07-07T10:09:54","date_gmt":"2023-07-07T08:09:54","guid":{"rendered":"https:\/\/lleidaesportiu.futbol\/?p=3308"},"modified":"2023-10-03T10:08:16","modified_gmt":"2023-10-03T08:08:16","slug":"sergio-montero-ortiz-nou-jugador-blau","status":"publish","type":"post","link":"https:\/\/lleidacf.cat\/es\/sergio-montero-ortiz-nou-jugador-blau\/","title":{"rendered":"Sergio Montero Ortiz, \u00a1nuevo jugador azul!"},"content":{"rendered":"<p>El Lleida Esportiu incorpora esta temporada al futbolista de 26 a\u00f1os, natural de Ripollet en Barcelona.<\/p>\n\n\n\n<p>Llega desde el Pe\u00f1a Deportiva y anteriormente hab\u00eda jugado en el Sabadell, donde inici\u00f3 su carrera, en el Polideportivo El Ejido, despu\u00e9s de pasar por El Prat y por el Gimn\u00e0stic de Tarragona.<\/p>\n\n\n\n<p>Es una pieza de ataque, con buena llegada y capacidad para marcar gol. Ofensivamente, destaca por superar l\u00edneas de conducci\u00f3n y asociaci\u00f3n y buscar la mejor opci\u00f3n de juego.<\/p>\n\n\n\n<figure class=\"wp-block-image size-large\"><img fetchpriority=\"high\" decoding=\"async\" width=\"819\" height=\"1024\" src=\"https:\/\/lleidacf.cat\/wp-content\/uploads\/2023\/07\/SERGIO-MONTERO-VERTICAL-819x1024.jpeg\" alt=\"\" class=\"wp-image-3309\" srcset=\"https:\/\/lleidacf.cat\/wp-content\/uploads\/2023\/07\/SERGIO-MONTERO-VERTICAL-819x1024.jpeg 819w, https:\/\/lleidacf.cat\/wp-content\/uploads\/2023\/07\/SERGIO-MONTERO-VERTICAL-240x300.jpeg 240w, https:\/\/lleidacf.cat\/wp-content\/uploads\/2023\/07\/SERGIO-MONTERO-VERTICAL-768x960.jpeg 768w, https:\/\/lleidacf.cat\/wp-content\/uploads\/2023\/07\/SERGIO-MONTERO-VERTICAL-10x12.jpeg 10w, https:\/\/lleidacf.cat\/wp-content\/uploads\/2023\/07\/SERGIO-MONTERO-VERTICAL.jpeg 1080w\" sizes=\"(max-width: 819px) 100vw, 819px\" \/><\/figure>","protected":false},"excerpt":{"rendered":"<p>El Lleida Esportiu incorpora esta temporada al futbolista de 26 a\u00f1os, natural de Ripollet en Barcelona. Llega desde el Pe\u00f1a\u2026<\/p>","protected":false},"author":6,"featured_media":3310,"comment_status":"closed","ping_status":"open","sticky":false,"template":"","format":"standard","meta":{"footnotes":""},"categories":[36],"tags":[],"temporada":[69],"club":[23],"class_list":["post-3308","post","type-post","status-publish","format-standard","has-post-thumbnail","hentry","category-noticies","temporada-2023-2024","club-lleida-esportiu"],"_links":{"self":[{"href":"https:\/\/lleidacf.cat\/es\/wp-json\/wp\/v2\/posts\/3308","targetHints":{"allow":["GET"]}}],"collection":[{"href":"https:\/\/lleidacf.cat\/es\/wp-json\/wp\/v2\/posts"}],"about":[{"href":"https:\/\/lleidacf.cat\/es\/wp-json\/wp\/v2\/types\/post"}],"author":[{"embeddable":true,"href":"https:\/\/lleidacf.cat\/es\/wp-json\/wp\/v2\/users\/6"}],"replies":[{"embeddable":true,"href":"https:\/\/lleidacf.cat\/es\/wp-json\/wp\/v2\/comments?post=3308"}],"version-history":[{"count":0,"href":"https:\/\/lleidacf.cat\/es\/wp-json\/wp\/v2\/posts\/3308\/revisions"}],"wp:featuredmedia":[{"embeddable":true,"href":"https:\/\/lleidacf.cat\/es\/wp-json\/wp\/v2\/media\/3310"}],"wp:attachment":[{"href":"https:\/\/lleidacf.cat\/es\/wp-json\/wp\/v2\/media?parent=3308"}],"wp:term":[{"taxonomy":"category","embeddable":true,"href":"https:\/\/lleidacf.cat\/es\/wp-json\/wp\/v2\/categories?post=3308"},{"taxonomy":"post_tag","embeddable":true,"href":"https:\/\/lleidacf.cat\/es\/wp-json\/wp\/v2\/tags?post=3308"},{"taxonomy":"temporada","embeddable":true,"href":"https:\/\/lleidacf.cat\/es\/wp-json\/wp\/v2\/temporada?post=3308"},{"taxonomy":"club","embeddable":true,"href":"https:\/\/lleidacf.cat\/es\/wp-json\/wp\/v2\/club?post=3308"}],"curies":[{"name":"wp","href":"https:\/\/api.w.org\/{rel}","templated":true}]}}