{"id":3312,"date":"2023-07-10T12:03:22","date_gmt":"2023-07-10T10:03:22","guid":{"rendered":"https:\/\/lleidaesportiu.futbol\/?p=3312"},"modified":"2023-10-03T10:07:56","modified_gmt":"2023-10-03T08:07:56","slug":"stevens-leleux-al-lleida","status":"publish","type":"post","link":"https:\/\/lleidacf.cat\/es\/stevens-leleux-al-lleida\/","title":{"rendered":"Stevens Leleux, en el Lleida!"},"content":{"rendered":"<p>El Lleida Esportiu incorpora al defensa sub23, Stevens Leleux, en la plantilla azul.<\/p>\n\n\n\n<p>El jugador franc\u00e9s, de 22 a\u00f1os y nacido en Gonesse, se ha formado en la cantera del Saint-\u00c9tienne y la \u00faltima temporada ha jugado con el Moulins-Yzeure de la cuarta categor\u00eda francesa.<\/p>\n\n\n\n<p>Es un futbolista con buen potencial f\u00edsico, r\u00e1pido y contundente en acci\u00f3n, con muy buen juego a\u00e9reo y que puede ocupar diferentes posiciones tanto como central o lateral.<\/p>\n\n\n\n<p><\/p>\n\n\n\n<figure class=\"wp-block-image size-large\"><img fetchpriority=\"high\" decoding=\"async\" width=\"819\" height=\"1024\" src=\"https:\/\/lleidacf.cat\/wp-content\/uploads\/2023\/07\/STEVENS-LELEUX-VERTICAL-819x1024.jpeg\" alt=\"\" class=\"wp-image-3314\" srcset=\"https:\/\/lleidacf.cat\/wp-content\/uploads\/2023\/07\/STEVENS-LELEUX-VERTICAL-819x1024.jpeg 819w, https:\/\/lleidacf.cat\/wp-content\/uploads\/2023\/07\/STEVENS-LELEUX-VERTICAL-240x300.jpeg 240w, https:\/\/lleidacf.cat\/wp-content\/uploads\/2023\/07\/STEVENS-LELEUX-VERTICAL-768x960.jpeg 768w, https:\/\/lleidacf.cat\/wp-content\/uploads\/2023\/07\/STEVENS-LELEUX-VERTICAL-10x12.jpeg 10w, https:\/\/lleidacf.cat\/wp-content\/uploads\/2023\/07\/STEVENS-LELEUX-VERTICAL.jpeg 1080w\" sizes=\"(max-width: 819px) 100vw, 819px\" \/><\/figure>","protected":false},"excerpt":{"rendered":"<p>El Lleida Esportiu incorpora al defensa sub23, Stevens Leleux, en la plantilla azul. El jugador franc\u00e9s, de 22 a\u00f1os y\u2026<\/p>","protected":false},"author":6,"featured_media":3313,"comment_status":"closed","ping_status":"open","sticky":false,"template":"","format":"standard","meta":{"footnotes":""},"categories":[36],"tags":[],"temporada":[69],"club":[23],"class_list":["post-3312","post","type-post","status-publish","format-standard","has-post-thumbnail","hentry","category-noticies","temporada-2023-2024","club-lleida-esportiu"],"_links":{"self":[{"href":"https:\/\/lleidacf.cat\/es\/wp-json\/wp\/v2\/posts\/3312","targetHints":{"allow":["GET"]}}],"collection":[{"href":"https:\/\/lleidacf.cat\/es\/wp-json\/wp\/v2\/posts"}],"about":[{"href":"https:\/\/lleidacf.cat\/es\/wp-json\/wp\/v2\/types\/post"}],"author":[{"embeddable":true,"href":"https:\/\/lleidacf.cat\/es\/wp-json\/wp\/v2\/users\/6"}],"replies":[{"embeddable":true,"href":"https:\/\/lleidacf.cat\/es\/wp-json\/wp\/v2\/comments?post=3312"}],"version-history":[{"count":0,"href":"https:\/\/lleidacf.cat\/es\/wp-json\/wp\/v2\/posts\/3312\/revisions"}],"wp:featuredmedia":[{"embeddable":true,"href":"https:\/\/lleidacf.cat\/es\/wp-json\/wp\/v2\/media\/3313"}],"wp:attachment":[{"href":"https:\/\/lleidacf.cat\/es\/wp-json\/wp\/v2\/media?parent=3312"}],"wp:term":[{"taxonomy":"category","embeddable":true,"href":"https:\/\/lleidacf.cat\/es\/wp-json\/wp\/v2\/categories?post=3312"},{"taxonomy":"post_tag","embeddable":true,"href":"https:\/\/lleidacf.cat\/es\/wp-json\/wp\/v2\/tags?post=3312"},{"taxonomy":"temporada","embeddable":true,"href":"https:\/\/lleidacf.cat\/es\/wp-json\/wp\/v2\/temporada?post=3312"},{"taxonomy":"club","embeddable":true,"href":"https:\/\/lleidacf.cat\/es\/wp-json\/wp\/v2\/club?post=3312"}],"curies":[{"name":"wp","href":"https:\/\/api.w.org\/{rel}","templated":true}]}}