{"id":3321,"date":"2023-07-11T11:01:14","date_gmt":"2023-07-11T09:01:14","guid":{"rendered":"https:\/\/lleidaesportiu.futbol\/?p=3321"},"modified":"2023-10-03T10:07:33","modified_gmt":"2023-10-03T08:07:33","slug":"jugadors-de-la-base-blava-faran-la-pretemporada-amb-el-lleida-esportiu-i-andreu-lladonosa-sera-el-tercer-porter","status":"publish","type":"post","link":"https:\/\/lleidacf.cat\/es\/jugadors-de-la-base-blava-faran-la-pretemporada-amb-el-lleida-esportiu-i-andreu-lladonosa-sera-el-tercer-porter\/","title":{"rendered":"\u00a1Jugadores de la Base Blava har\u00e1n la pretemporada con el Lleida Esportiu y Andreu Lladonosa ser\u00e1 el tercer portero!"},"content":{"rendered":"<p>Son Xavi Becerra, Gerard Querol, Quim Montenegro y Andreu Lladonosa que ser\u00e1 el tercer portero del equipo.<\/p>\n\n\n\n<p>Procedente del Juvenil de Liga Nacional, el guardameta Andreu Lladonosa empezar\u00e1 su etapa amateur con el Primer Equipo como tercer portero azul. Destaca por la seguridad bajo los palos, juego de pies y agilidad.&nbsp;&nbsp;<\/p>\n\n\n\n<p>Tambi\u00e9n desde la Base, entrar\u00e1n en la din\u00e1mica de pretemporada de la plantilla azul el extremo derecho y capit\u00e1n del Juvenil A de Liga Nacional, Xavi Becerra. Se trata de un jugador con mucha capacidad de desdoblamiento y llegada a gol.<\/p>\n\n\n\n<p>Tambi\u00e9n lo har\u00e1 Gerard Querol, formado en las categor\u00edas inferiores y juvenil de tercer a\u00f1o, que ocupa posiciones de medio campo tanto de p\u00edvot como interior con despliegue f\u00edsico y capacidad de sacrificio.<\/p>\n\n\n\n<p>Y Quim Montenegro, Juvenil de tercer a\u00f1o formado en inferiores categor\u00edas, un jugador ocupa las posiciones de media punta y destaca por calidad t\u00e9cnica y visi\u00f3n de juego.<\/p>\n\n\n\n<p>Todos ellos, e incluso algunos altas jugadores de la Base que puedan a\u00fan a\u00f1adirse, realizar\u00e1n la pretemporada con la plantilla azul sum\u00e1ndose a su din\u00e1mica de d\u00eda a d\u00eda y de partidos.&nbsp;<\/p>\n\n\n\n<figure class=\"wp-block-image size-large\"><img fetchpriority=\"high\" decoding=\"async\" width=\"1024\" height=\"680\" src=\"https:\/\/lleidacf.cat\/wp-content\/uploads\/2023\/07\/TERCER-PORTER-DEL-LLEIDA-ESPORTIU-ANDREU-LLADONOSA-1024x680.jpeg\" alt=\"\" class=\"wp-image-3322\" srcset=\"https:\/\/lleidacf.cat\/wp-content\/uploads\/2023\/07\/TERCER-PORTER-DEL-LLEIDA-ESPORTIU-ANDREU-LLADONOSA-1024x680.jpeg 1024w, https:\/\/lleidacf.cat\/wp-content\/uploads\/2023\/07\/TERCER-PORTER-DEL-LLEIDA-ESPORTIU-ANDREU-LLADONOSA-300x199.jpeg 300w, https:\/\/lleidacf.cat\/wp-content\/uploads\/2023\/07\/TERCER-PORTER-DEL-LLEIDA-ESPORTIU-ANDREU-LLADONOSA-768x510.jpeg 768w, https:\/\/lleidacf.cat\/wp-content\/uploads\/2023\/07\/TERCER-PORTER-DEL-LLEIDA-ESPORTIU-ANDREU-LLADONOSA-1536x1020.jpeg 1536w, https:\/\/lleidacf.cat\/wp-content\/uploads\/2023\/07\/TERCER-PORTER-DEL-LLEIDA-ESPORTIU-ANDREU-LLADONOSA-18x12.jpeg 18w, https:\/\/lleidacf.cat\/wp-content\/uploads\/2023\/07\/TERCER-PORTER-DEL-LLEIDA-ESPORTIU-ANDREU-LLADONOSA.jpeg 1600w\" sizes=\"(max-width: 1024px) 100vw, 1024px\" \/><\/figure>\n\n\n\n<figure class=\"wp-block-image size-large\"><img decoding=\"async\" width=\"1024\" height=\"680\" src=\"https:\/\/lleidacf.cat\/wp-content\/uploads\/2023\/07\/BECERRA-MONTENEGRO-I-QUEROL-1024x680.jpeg\" alt=\"\" class=\"wp-image-3323\" srcset=\"https:\/\/lleidacf.cat\/wp-content\/uploads\/2023\/07\/BECERRA-MONTENEGRO-I-QUEROL-1024x680.jpeg 1024w, https:\/\/lleidacf.cat\/wp-content\/uploads\/2023\/07\/BECERRA-MONTENEGRO-I-QUEROL-300x199.jpeg 300w, https:\/\/lleidacf.cat\/wp-content\/uploads\/2023\/07\/BECERRA-MONTENEGRO-I-QUEROL-768x510.jpeg 768w, https:\/\/lleidacf.cat\/wp-content\/uploads\/2023\/07\/BECERRA-MONTENEGRO-I-QUEROL-1536x1020.jpeg 1536w, https:\/\/lleidacf.cat\/wp-content\/uploads\/2023\/07\/BECERRA-MONTENEGRO-I-QUEROL-18x12.jpeg 18w, https:\/\/lleidacf.cat\/wp-content\/uploads\/2023\/07\/BECERRA-MONTENEGRO-I-QUEROL.jpeg 1600w\" sizes=\"(max-width: 1024px) 100vw, 1024px\" \/><\/figure>","protected":false},"excerpt":{"rendered":"<p>Son Xavi Becerra, Gerard Querol, Quim Montenegro y Andreu Lladonosa que ser\u00e1 el tercer portero del equipo. Procedente del Juvenil\u2026<\/p>","protected":false},"author":6,"featured_media":3325,"comment_status":"closed","ping_status":"open","sticky":false,"template":"","format":"standard","meta":{"footnotes":""},"categories":[36],"tags":[],"temporada":[69],"club":[24],"class_list":["post-3321","post","type-post","status-publish","format-standard","has-post-thumbnail","hentry","category-noticies","temporada-2023-2024","club-base-lleida-esportiu"],"_links":{"self":[{"href":"https:\/\/lleidacf.cat\/es\/wp-json\/wp\/v2\/posts\/3321","targetHints":{"allow":["GET"]}}],"collection":[{"href":"https:\/\/lleidacf.cat\/es\/wp-json\/wp\/v2\/posts"}],"about":[{"href":"https:\/\/lleidacf.cat\/es\/wp-json\/wp\/v2\/types\/post"}],"author":[{"embeddable":true,"href":"https:\/\/lleidacf.cat\/es\/wp-json\/wp\/v2\/users\/6"}],"replies":[{"embeddable":true,"href":"https:\/\/lleidacf.cat\/es\/wp-json\/wp\/v2\/comments?post=3321"}],"version-history":[{"count":0,"href":"https:\/\/lleidacf.cat\/es\/wp-json\/wp\/v2\/posts\/3321\/revisions"}],"wp:featuredmedia":[{"embeddable":true,"href":"https:\/\/lleidacf.cat\/es\/wp-json\/wp\/v2\/media\/3325"}],"wp:attachment":[{"href":"https:\/\/lleidacf.cat\/es\/wp-json\/wp\/v2\/media?parent=3321"}],"wp:term":[{"taxonomy":"category","embeddable":true,"href":"https:\/\/lleidacf.cat\/es\/wp-json\/wp\/v2\/categories?post=3321"},{"taxonomy":"post_tag","embeddable":true,"href":"https:\/\/lleidacf.cat\/es\/wp-json\/wp\/v2\/tags?post=3321"},{"taxonomy":"temporada","embeddable":true,"href":"https:\/\/lleidacf.cat\/es\/wp-json\/wp\/v2\/temporada?post=3321"},{"taxonomy":"club","embeddable":true,"href":"https:\/\/lleidacf.cat\/es\/wp-json\/wp\/v2\/club?post=3321"}],"curies":[{"name":"wp","href":"https:\/\/api.w.org\/{rel}","templated":true}]}}