{"id":3340,"date":"2023-07-15T18:13:27","date_gmt":"2023-07-15T16:13:27","guid":{"rendered":"https:\/\/lleidaesportiu.futbol\/?p=3340"},"modified":"2023-10-03T10:06:52","modified_gmt":"2023-10-03T08:06:52","slug":"el-lleida-esportiu-tanca-la-primera-fase-de-la-campanya-units-per-lescut-assolint-els-1-043-abonaments","status":"publish","type":"post","link":"https:\/\/lleidacf.cat\/es\/el-lleida-esportiu-tanca-la-primera-fase-de-la-campanya-units-per-lescut-assolint-els-1-043-abonaments\/","title":{"rendered":"El Lleida Esportiu tanca la primera fase de la campanya \u2018Units per l\u2019escut\u2019 assolint els 1.043 abonaments"},"content":{"rendered":"<p>Son 320 carnets m\u00e1s de los que se consiguieron, en el mismo per\u00edodo, de la temporada anterior. Este s\u00e1bado, adem\u00e1s, hemos alcanzado el abonado n\u00famero 1.000 con la renovaci\u00f3n del carn\u00e9 de Marc Miranda Pijoan. A falta de contabilizar el n\u00famero de tr\u00e1mites que se hayan realizado online, el total de abonos es de 1.043, m\u00e1s de un millar de personas que se han garantizado la primera l\u00ednea en el Camp d&#039;Esports en una ilusionante nueva etapa del equipo azul.<\/p>\n\n\n\n<p>Durante la semana buena parte de la afici\u00f3n ha aprovechado una nueva salida a la calle en la plaza Ricard Vi\u00f1es. A pesar del calor han sido muchas las personas que no han desperdiciado la oportunidad de sumarse al proyecto del Lleida Esportiu gracias al traslado de las oficinas, durante unas horas, a uno de los puntos m\u00e1s c\u00e9ntricos de la ciudad. Nos ha acompa\u00f1ado el jugador \u00d2scar Rubio que ha saludado y se ha tomado fotograf\u00edas con los seguidores que se ha acercado hasta la zona de informaci\u00f3n y atenci\u00f3n, donde personal del club han atendido todas las peticiones y consultas relativas a la campa\u00f1a de abonos en la temporada 2023-2024.<\/p>\n\n\n\n<p>El per\u00edodo de renovaciones, para conservar n\u00famero de abonado y asiento y optar al regalo de 10 invitaciones, ha terminado este s\u00e1bado d\u00eda 15 de julio aunque se podr\u00e1n seguir haciendo durante el verano, as\u00ed como las altas para los nuevos abonados \u00a1hasta alcanzar los 2.324 azules que queremos ser esta nueva temporada! Unidos por el escudo; azul en el coraz\u00f3n!!!!<\/p>\n\n\n\n<figure class=\"wp-block-image size-full\"><img fetchpriority=\"high\" decoding=\"async\" width=\"768\" height=\"1024\" src=\"https:\/\/lleidacf.cat\/wp-content\/uploads\/2023\/07\/PLACA-3.jpeg\" alt=\"\" class=\"wp-image-3345\" srcset=\"https:\/\/lleidacf.cat\/wp-content\/uploads\/2023\/07\/PLACA-3.jpeg 768w, https:\/\/lleidacf.cat\/wp-content\/uploads\/2023\/07\/PLACA-3-225x300.jpeg 225w, https:\/\/lleidacf.cat\/wp-content\/uploads\/2023\/07\/PLACA-3-9x12.jpeg 9w\" sizes=\"(max-width: 768px) 100vw, 768px\" \/><\/figure>\n\n\n\n<p><\/p>\n\n\n\n<figure class=\"wp-block-gallery has-nested-images columns-default is-cropped wp-block-gallery-1 is-layout-flex wp-block-gallery-is-layout-flex\">\n<figure class=\"wp-block-image size-large\"><img decoding=\"async\" width=\"1024\" height=\"576\" data-id=\"3344\" src=\"https:\/\/lleidacf.cat\/wp-content\/uploads\/2023\/07\/PLACA-1.jpeg\" alt=\"\" class=\"wp-image-3344\" srcset=\"https:\/\/lleidacf.cat\/wp-content\/uploads\/2023\/07\/PLACA-1.jpeg 1024w, https:\/\/lleidacf.cat\/wp-content\/uploads\/2023\/07\/PLACA-1-300x169.jpeg 300w, https:\/\/lleidacf.cat\/wp-content\/uploads\/2023\/07\/PLACA-1-768x432.jpeg 768w, https:\/\/lleidacf.cat\/wp-content\/uploads\/2023\/07\/PLACA-1-18x10.jpeg 18w\" sizes=\"(max-width: 1024px) 100vw, 1024px\" \/><\/figure>\n\n\n\n<figure class=\"wp-block-image size-large\"><img decoding=\"async\" width=\"768\" height=\"1024\" data-id=\"3343\" src=\"https:\/\/lleidacf.cat\/wp-content\/uploads\/2023\/07\/PLACA-2.jpeg\" alt=\"\" class=\"wp-image-3343\" srcset=\"https:\/\/lleidacf.cat\/wp-content\/uploads\/2023\/07\/PLACA-2.jpeg 768w, https:\/\/lleidacf.cat\/wp-content\/uploads\/2023\/07\/PLACA-2-225x300.jpeg 225w, https:\/\/lleidacf.cat\/wp-content\/uploads\/2023\/07\/PLACA-2-9x12.jpeg 9w\" sizes=\"(max-width: 768px) 100vw, 768px\" \/><\/figure>\n\n\n\n<figure class=\"wp-block-image size-large\"><img loading=\"lazy\" decoding=\"async\" width=\"1024\" height=\"768\" data-id=\"3346\" src=\"https:\/\/lleidacf.cat\/wp-content\/uploads\/2023\/07\/PLACA-5.jpeg\" alt=\"\" class=\"wp-image-3346\" srcset=\"https:\/\/lleidacf.cat\/wp-content\/uploads\/2023\/07\/PLACA-5.jpeg 1024w, https:\/\/lleidacf.cat\/wp-content\/uploads\/2023\/07\/PLACA-5-300x225.jpeg 300w, https:\/\/lleidacf.cat\/wp-content\/uploads\/2023\/07\/PLACA-5-768x576.jpeg 768w, https:\/\/lleidacf.cat\/wp-content\/uploads\/2023\/07\/PLACA-5-16x12.jpeg 16w\" sizes=\"(max-width: 1024px) 100vw, 1024px\" \/><\/figure>\n\n\n\n<figure class=\"wp-block-image size-large\"><img loading=\"lazy\" decoding=\"async\" width=\"768\" height=\"1024\" data-id=\"3348\" src=\"https:\/\/lleidacf.cat\/wp-content\/uploads\/2023\/07\/PLACA-6.jpeg\" alt=\"\" class=\"wp-image-3348\" srcset=\"https:\/\/lleidacf.cat\/wp-content\/uploads\/2023\/07\/PLACA-6.jpeg 768w, https:\/\/lleidacf.cat\/wp-content\/uploads\/2023\/07\/PLACA-6-225x300.jpeg 225w, https:\/\/lleidacf.cat\/wp-content\/uploads\/2023\/07\/PLACA-6-9x12.jpeg 9w\" sizes=\"(max-width: 768px) 100vw, 768px\" \/><\/figure>\n<\/figure>\n\n\n\n<figure class=\"wp-block-image size-full\"><img loading=\"lazy\" decoding=\"async\" width=\"1024\" height=\"768\" src=\"https:\/\/lleidacf.cat\/wp-content\/uploads\/2023\/07\/PORTADA.jpeg\" alt=\"\" class=\"wp-image-3342\" srcset=\"https:\/\/lleidacf.cat\/wp-content\/uploads\/2023\/07\/PORTADA.jpeg 1024w, https:\/\/lleidacf.cat\/wp-content\/uploads\/2023\/07\/PORTADA-300x225.jpeg 300w, https:\/\/lleidacf.cat\/wp-content\/uploads\/2023\/07\/PORTADA-768x576.jpeg 768w, https:\/\/lleidacf.cat\/wp-content\/uploads\/2023\/07\/PORTADA-16x12.jpeg 16w\" sizes=\"(max-width: 1024px) 100vw, 1024px\" \/><\/figure>","protected":false},"excerpt":{"rendered":"<p>Son 320 carnets m\u00e1s de los que se consiguieron, en el mismo per\u00edodo, de la temporada anterior. Este s\u00e1bado,\u2026<\/p>","protected":false},"author":6,"featured_media":3363,"comment_status":"closed","ping_status":"open","sticky":false,"template":"","format":"standard","meta":{"footnotes":""},"categories":[36],"tags":[],"temporada":[69],"club":[23],"class_list":["post-3340","post","type-post","status-publish","format-standard","has-post-thumbnail","hentry","category-noticies","temporada-2023-2024","club-lleida-esportiu"],"_links":{"self":[{"href":"https:\/\/lleidacf.cat\/es\/wp-json\/wp\/v2\/posts\/3340","targetHints":{"allow":["GET"]}}],"collection":[{"href":"https:\/\/lleidacf.cat\/es\/wp-json\/wp\/v2\/posts"}],"about":[{"href":"https:\/\/lleidacf.cat\/es\/wp-json\/wp\/v2\/types\/post"}],"author":[{"embeddable":true,"href":"https:\/\/lleidacf.cat\/es\/wp-json\/wp\/v2\/users\/6"}],"replies":[{"embeddable":true,"href":"https:\/\/lleidacf.cat\/es\/wp-json\/wp\/v2\/comments?post=3340"}],"version-history":[{"count":0,"href":"https:\/\/lleidacf.cat\/es\/wp-json\/wp\/v2\/posts\/3340\/revisions"}],"wp:featuredmedia":[{"embeddable":true,"href":"https:\/\/lleidacf.cat\/es\/wp-json\/wp\/v2\/media\/3363"}],"wp:attachment":[{"href":"https:\/\/lleidacf.cat\/es\/wp-json\/wp\/v2\/media?parent=3340"}],"wp:term":[{"taxonomy":"category","embeddable":true,"href":"https:\/\/lleidacf.cat\/es\/wp-json\/wp\/v2\/categories?post=3340"},{"taxonomy":"post_tag","embeddable":true,"href":"https:\/\/lleidacf.cat\/es\/wp-json\/wp\/v2\/tags?post=3340"},{"taxonomy":"temporada","embeddable":true,"href":"https:\/\/lleidacf.cat\/es\/wp-json\/wp\/v2\/temporada?post=3340"},{"taxonomy":"club","embeddable":true,"href":"https:\/\/lleidacf.cat\/es\/wp-json\/wp\/v2\/club?post=3340"}],"curies":[{"name":"wp","href":"https:\/\/api.w.org\/{rel}","templated":true}]}}