{"id":3394,"date":"2023-07-19T14:54:33","date_gmt":"2023-07-19T12:54:33","guid":{"rendered":"https:\/\/lleidaesportiu.futbol\/?p=3394"},"modified":"2023-10-03T10:04:55","modified_gmt":"2023-10-03T08:04:55","slug":"cortijo-diez-i-soto-tres-valors-mes-per-a-lequip-blau","status":"publish","type":"post","link":"https:\/\/lleidacf.cat\/es\/cortijo-diez-i-soto-tres-valors-mes-per-a-lequip-blau\/","title":{"rendered":"Cortijo, D\u00edez y Soto, otros tres valores para el equipo azul"},"content":{"rendered":"<p>Seguridad, sobriedad, dinamismo, intensidad, agresividad. \u00c9stos son algunos de los adjetivos con los que Ra\u00fal Fuster, director del \u00c1rea Deportiva, ha definido las capacidades de estos jugadores que se incorporan al Lleida Esportiu y que hoy han sido oficialmente presentados.<\/p>\n\n\n\n<p><br>Fernando Cortijo ha dicho que unirse al club azul es un paso importante en su carrera y que no dud\u00f3 en aceptar la oferta de un hist\u00f3rico con tanta repercusi\u00f3n. Dice que es un jugador completo con muchas ganas de ser indispensable para el equipo.<br><\/p>\n\n\n\n<p>El guardameta Pablo D\u00edez tambi\u00e9n acept\u00f3 r\u00e1pidamente el ofrecimiento del Lleida y, de la misma manera, tiene intenci\u00f3n de ser una pieza fundamental para reubicar a los azules donde merecen estar. Llega con ganas de sorprender al m\u00edster y ganarse el sitio, pese al referente que supone bajo los palos I\u00f1aki \u00c1lvarez.<br><\/p>\n\n\n\n<p>Javi Soto se ha sentido igualmente atra\u00eddo por el club, la afici\u00f3n y el estadio y viene con mucha ilusi\u00f3n y ganas de hacer un buen a\u00f1o consolid\u00e1ndose, personalmente, en la categor\u00eda y en el grupo. Se explica como un jugador c\u00f3modo con la pelota y sacrificado y trabajador para recuperarla si no la tiene.<\/p>\n\n\n\n<p><\/p>\n\n\n\n<figure class=\"wp-block-image size-large\"><img fetchpriority=\"high\" decoding=\"async\" width=\"819\" height=\"1024\" src=\"https:\/\/lleidacf.cat\/wp-content\/uploads\/2023\/07\/CORTIJO-DIEZ-I-SOTO-DE-PERFIL-819x1024.jpeg\" alt=\"\" class=\"wp-image-3404\" srcset=\"https:\/\/lleidacf.cat\/wp-content\/uploads\/2023\/07\/CORTIJO-DIEZ-I-SOTO-DE-PERFIL-819x1024.jpeg 819w, https:\/\/lleidacf.cat\/wp-content\/uploads\/2023\/07\/CORTIJO-DIEZ-I-SOTO-DE-PERFIL-240x300.jpeg 240w, https:\/\/lleidacf.cat\/wp-content\/uploads\/2023\/07\/CORTIJO-DIEZ-I-SOTO-DE-PERFIL-768x960.jpeg 768w, https:\/\/lleidacf.cat\/wp-content\/uploads\/2023\/07\/CORTIJO-DIEZ-I-SOTO-DE-PERFIL-10x12.jpeg 10w, https:\/\/lleidacf.cat\/wp-content\/uploads\/2023\/07\/CORTIJO-DIEZ-I-SOTO-DE-PERFIL.jpeg 1080w\" sizes=\"(max-width: 819px) 100vw, 819px\" \/><\/figure>\n\n\n\n<figure class=\"wp-block-image size-large\"><img decoding=\"async\" width=\"819\" height=\"1024\" src=\"https:\/\/lleidacf.cat\/wp-content\/uploads\/2023\/07\/CORTIJO-PERFIL-819x1024.jpeg\" alt=\"\" class=\"wp-image-3405\" srcset=\"https:\/\/lleidacf.cat\/wp-content\/uploads\/2023\/07\/CORTIJO-PERFIL-819x1024.jpeg 819w, https:\/\/lleidacf.cat\/wp-content\/uploads\/2023\/07\/CORTIJO-PERFIL-240x300.jpeg 240w, https:\/\/lleidacf.cat\/wp-content\/uploads\/2023\/07\/CORTIJO-PERFIL-768x960.jpeg 768w, https:\/\/lleidacf.cat\/wp-content\/uploads\/2023\/07\/CORTIJO-PERFIL-10x12.jpeg 10w, https:\/\/lleidacf.cat\/wp-content\/uploads\/2023\/07\/CORTIJO-PERFIL.jpeg 1080w\" sizes=\"(max-width: 819px) 100vw, 819px\" \/><\/figure>\n\n\n\n<figure class=\"wp-block-image size-full\"><img decoding=\"async\" width=\"768\" height=\"1024\" src=\"https:\/\/lleidacf.cat\/wp-content\/uploads\/2023\/07\/JAVI-SOTO.jpeg\" alt=\"\" class=\"wp-image-3399\" srcset=\"https:\/\/lleidacf.cat\/wp-content\/uploads\/2023\/07\/JAVI-SOTO.jpeg 768w, https:\/\/lleidacf.cat\/wp-content\/uploads\/2023\/07\/JAVI-SOTO-225x300.jpeg 225w, https:\/\/lleidacf.cat\/wp-content\/uploads\/2023\/07\/JAVI-SOTO-9x12.jpeg 9w\" sizes=\"(max-width: 768px) 100vw, 768px\" \/><\/figure>\n\n\n\n<figure class=\"wp-block-gallery has-nested-images columns-default is-cropped wp-block-gallery-1 is-layout-flex wp-block-gallery-is-layout-flex\">\n<figure class=\"wp-block-image size-large\"><img loading=\"lazy\" decoding=\"async\" width=\"680\" height=\"1024\" data-id=\"3400\" src=\"https:\/\/lleidacf.cat\/wp-content\/uploads\/2023\/07\/PABLO-DIEZ.jpeg\" alt=\"\" class=\"wp-image-3400\" srcset=\"https:\/\/lleidacf.cat\/wp-content\/uploads\/2023\/07\/PABLO-DIEZ.jpeg 680w, https:\/\/lleidacf.cat\/wp-content\/uploads\/2023\/07\/PABLO-DIEZ-199x300.jpeg 199w, https:\/\/lleidacf.cat\/wp-content\/uploads\/2023\/07\/PABLO-DIEZ-8x12.jpeg 8w\" sizes=\"(max-width: 680px) 100vw, 680px\" \/><\/figure>\n<\/figure>\n\n\n\n<figure class=\"wp-block-image size-full\"><img loading=\"lazy\" decoding=\"async\" width=\"1024\" height=\"680\" src=\"https:\/\/lleidacf.cat\/wp-content\/uploads\/2023\/07\/DIEZ-CORTIJO-I-SOTO-AMB-RAUL-FUSTER.jpeg\" alt=\"\" class=\"wp-image-3396\" srcset=\"https:\/\/lleidacf.cat\/wp-content\/uploads\/2023\/07\/DIEZ-CORTIJO-I-SOTO-AMB-RAUL-FUSTER.jpeg 1024w, https:\/\/lleidacf.cat\/wp-content\/uploads\/2023\/07\/DIEZ-CORTIJO-I-SOTO-AMB-RAUL-FUSTER-300x199.jpeg 300w, https:\/\/lleidacf.cat\/wp-content\/uploads\/2023\/07\/DIEZ-CORTIJO-I-SOTO-AMB-RAUL-FUSTER-768x510.jpeg 768w, https:\/\/lleidacf.cat\/wp-content\/uploads\/2023\/07\/DIEZ-CORTIJO-I-SOTO-AMB-RAUL-FUSTER-18x12.jpeg 18w\" sizes=\"(max-width: 1024px) 100vw, 1024px\" \/><\/figure>","protected":false},"excerpt":{"rendered":"<p>Seguridad, sobriedad, dinamismo, intensidad, agresividad. \u00c9stos son algunos de los adjetivos con los que Ra\u00fal Fuster, director del \u00c1rea Deportiva, ha definido\u2026<\/p>","protected":false},"author":6,"featured_media":3395,"comment_status":"closed","ping_status":"open","sticky":false,"template":"","format":"standard","meta":{"footnotes":""},"categories":[36],"tags":[],"temporada":[69],"club":[23],"class_list":["post-3394","post","type-post","status-publish","format-standard","has-post-thumbnail","hentry","category-noticies","temporada-2023-2024","club-lleida-esportiu"],"_links":{"self":[{"href":"https:\/\/lleidacf.cat\/es\/wp-json\/wp\/v2\/posts\/3394","targetHints":{"allow":["GET"]}}],"collection":[{"href":"https:\/\/lleidacf.cat\/es\/wp-json\/wp\/v2\/posts"}],"about":[{"href":"https:\/\/lleidacf.cat\/es\/wp-json\/wp\/v2\/types\/post"}],"author":[{"embeddable":true,"href":"https:\/\/lleidacf.cat\/es\/wp-json\/wp\/v2\/users\/6"}],"replies":[{"embeddable":true,"href":"https:\/\/lleidacf.cat\/es\/wp-json\/wp\/v2\/comments?post=3394"}],"version-history":[{"count":0,"href":"https:\/\/lleidacf.cat\/es\/wp-json\/wp\/v2\/posts\/3394\/revisions"}],"wp:featuredmedia":[{"embeddable":true,"href":"https:\/\/lleidacf.cat\/es\/wp-json\/wp\/v2\/media\/3395"}],"wp:attachment":[{"href":"https:\/\/lleidacf.cat\/es\/wp-json\/wp\/v2\/media?parent=3394"}],"wp:term":[{"taxonomy":"category","embeddable":true,"href":"https:\/\/lleidacf.cat\/es\/wp-json\/wp\/v2\/categories?post=3394"},{"taxonomy":"post_tag","embeddable":true,"href":"https:\/\/lleidacf.cat\/es\/wp-json\/wp\/v2\/tags?post=3394"},{"taxonomy":"temporada","embeddable":true,"href":"https:\/\/lleidacf.cat\/es\/wp-json\/wp\/v2\/temporada?post=3394"},{"taxonomy":"club","embeddable":true,"href":"https:\/\/lleidacf.cat\/es\/wp-json\/wp\/v2\/club?post=3394"}],"curies":[{"name":"wp","href":"https:\/\/api.w.org\/{rel}","templated":true}]}}