{"id":3407,"date":"2023-07-20T12:42:44","date_gmt":"2023-07-20T10:42:44","guid":{"rendered":"https:\/\/lleidaesportiu.futbol\/?p=3407"},"modified":"2023-10-03T10:04:36","modified_gmt":"2023-10-03T08:04:36","slug":"el-camp-desports-acull-el-primer-entrenament-de-la-pretemporada","status":"publish","type":"post","link":"https:\/\/lleidacf.cat\/es\/el-camp-desports-acull-el-primer-entrenament-de-la-pretemporada\/","title":{"rendered":"El Camp d&#039;Esports acoge el primer entrenamiento de la pretemporada"},"content":{"rendered":"<p>Ra\u00fal Fuster assegura que encara falta fitxar algunes altres peces claus i valora molt positivament els jugadors que continuen i les incorporacions noves:&nbsp;\u2018Estem confeccionant una plantilla per a seguir creixent en qualitat i professionalitat\u2019<\/p>\n\n\n\n<p>Los jugadores del Lleida Esportiu han salido hoy al Camp d&#039;Esports con muchas ganas de pisar c\u00e9sped, especialmente, el de un terreno espectacular como el que ha sido el escenario de la primera sesi\u00f3n de entrenamiento del grupo.<\/p>\n\n\n\n<p>El director del \u00c1rea Deportiva ha explicado que faltan todav\u00eda entre cinco y seis incorporaciones m\u00e1s que a\u00f1adir a las de los jugadores que se han mantenido, los que ya han llegado y los chicos que han subido desde la cantera de la Base Blava.<\/p>\n\n\n\n<p>El club contin\u00faa en busca de un central zurdo, de garantizar las posiciones 8 y 10 del medio centro defensivo y tambi\u00e9n refuerzo en la banda delantera.<\/p>\n\n\n\n<p>El nigeriano Musa Isah tambi\u00e9n se ha entrenado con la plantilla azul mientras la directiva avanza las gestiones burocr\u00e1ticas para conseguir que este a\u00f1o pueda estar listo para el inicio de la competici\u00f3n. En cuanto a Chuli, todav\u00eda se est\u00e1 en negociaciones para seguir contando con el delantero.<\/p>\n\n\n\n<p>Ra\u00fal Fuster asegura que el trabajo que se est\u00e1 haciendo est\u00e1 orientado a dar un salto de calidad para elevar el nivel de cara a batallar por las plazas de arriba y devolver al Lleida Esportiu a la categor\u00eda superior.<\/p>\n\n\n\n<p>El primer amistoso, del mi\u00e9rcoles 26 de julio, con el Tarazona se disputar\u00e1 a las 19.30 en el campo navarro de Monteagudo.<\/p>\n\n\n\n<figure class=\"wp-block-image size-large\"><img fetchpriority=\"high\" decoding=\"async\" width=\"1024\" height=\"680\" src=\"https:\/\/lleidacf.cat\/wp-content\/uploads\/2023\/07\/FOTO-3-1024x680.jpeg\" alt=\"\" class=\"wp-image-3411\" srcset=\"https:\/\/lleidacf.cat\/wp-content\/uploads\/2023\/07\/FOTO-3-1024x680.jpeg 1024w, https:\/\/lleidacf.cat\/wp-content\/uploads\/2023\/07\/FOTO-3-300x199.jpeg 300w, https:\/\/lleidacf.cat\/wp-content\/uploads\/2023\/07\/FOTO-3-768x510.jpeg 768w, https:\/\/lleidacf.cat\/wp-content\/uploads\/2023\/07\/FOTO-3-1536x1020.jpeg 1536w, https:\/\/lleidacf.cat\/wp-content\/uploads\/2023\/07\/FOTO-3-18x12.jpeg 18w, https:\/\/lleidacf.cat\/wp-content\/uploads\/2023\/07\/FOTO-3.jpeg 1600w\" sizes=\"(max-width: 1024px) 100vw, 1024px\" \/><\/figure>\n\n\n\n<figure class=\"wp-block-image size-large\"><img decoding=\"async\" width=\"1024\" height=\"680\" src=\"https:\/\/lleidacf.cat\/wp-content\/uploads\/2023\/07\/FOTO2-1024x680.jpeg\" alt=\"\" class=\"wp-image-3412\" srcset=\"https:\/\/lleidacf.cat\/wp-content\/uploads\/2023\/07\/FOTO2-1024x680.jpeg 1024w, https:\/\/lleidacf.cat\/wp-content\/uploads\/2023\/07\/FOTO2-300x199.jpeg 300w, https:\/\/lleidacf.cat\/wp-content\/uploads\/2023\/07\/FOTO2-768x510.jpeg 768w, https:\/\/lleidacf.cat\/wp-content\/uploads\/2023\/07\/FOTO2-1536x1020.jpeg 1536w, https:\/\/lleidacf.cat\/wp-content\/uploads\/2023\/07\/FOTO2-18x12.jpeg 18w, https:\/\/lleidacf.cat\/wp-content\/uploads\/2023\/07\/FOTO2.jpeg 1600w\" sizes=\"(max-width: 1024px) 100vw, 1024px\" \/><\/figure>\n\n\n\n<figure class=\"wp-block-image size-large\"><img decoding=\"async\" width=\"1024\" height=\"680\" src=\"https:\/\/lleidacf.cat\/wp-content\/uploads\/2023\/07\/FOTO-1-1024x680.jpeg\" alt=\"\" class=\"wp-image-3413\" srcset=\"https:\/\/lleidacf.cat\/wp-content\/uploads\/2023\/07\/FOTO-1-1024x680.jpeg 1024w, https:\/\/lleidacf.cat\/wp-content\/uploads\/2023\/07\/FOTO-1-300x199.jpeg 300w, https:\/\/lleidacf.cat\/wp-content\/uploads\/2023\/07\/FOTO-1-768x510.jpeg 768w, https:\/\/lleidacf.cat\/wp-content\/uploads\/2023\/07\/FOTO-1-1536x1020.jpeg 1536w, https:\/\/lleidacf.cat\/wp-content\/uploads\/2023\/07\/FOTO-1-18x12.jpeg 18w, https:\/\/lleidacf.cat\/wp-content\/uploads\/2023\/07\/FOTO-1.jpeg 1600w\" sizes=\"(max-width: 1024px) 100vw, 1024px\" \/><\/figure>\n\n\n\n<figure class=\"wp-block-image size-large\"><img loading=\"lazy\" decoding=\"async\" width=\"1024\" height=\"680\" src=\"https:\/\/lleidacf.cat\/wp-content\/uploads\/2023\/07\/FOTO-4-1024x680.jpeg\" alt=\"\" class=\"wp-image-3414\" srcset=\"https:\/\/lleidacf.cat\/wp-content\/uploads\/2023\/07\/FOTO-4-1024x680.jpeg 1024w, https:\/\/lleidacf.cat\/wp-content\/uploads\/2023\/07\/FOTO-4-300x199.jpeg 300w, https:\/\/lleidacf.cat\/wp-content\/uploads\/2023\/07\/FOTO-4-768x510.jpeg 768w, https:\/\/lleidacf.cat\/wp-content\/uploads\/2023\/07\/FOTO-4-1536x1020.jpeg 1536w, https:\/\/lleidacf.cat\/wp-content\/uploads\/2023\/07\/FOTO-4-18x12.jpeg 18w, https:\/\/lleidacf.cat\/wp-content\/uploads\/2023\/07\/FOTO-4.jpeg 1600w\" sizes=\"(max-width: 1024px) 100vw, 1024px\" \/><\/figure>","protected":false},"excerpt":{"rendered":"<p>Ra\u00fal Fuster asegura que todav\u00eda falta fichar algunas otras piezas claves y valora muy positivamente a los jugadores que siguen y\u2026<\/p>","protected":false},"author":6,"featured_media":3408,"comment_status":"closed","ping_status":"open","sticky":false,"template":"","format":"standard","meta":{"footnotes":""},"categories":[36],"tags":[],"temporada":[69],"club":[23],"class_list":["post-3407","post","type-post","status-publish","format-standard","has-post-thumbnail","hentry","category-noticies","temporada-2023-2024","club-lleida-esportiu"],"_links":{"self":[{"href":"https:\/\/lleidacf.cat\/es\/wp-json\/wp\/v2\/posts\/3407","targetHints":{"allow":["GET"]}}],"collection":[{"href":"https:\/\/lleidacf.cat\/es\/wp-json\/wp\/v2\/posts"}],"about":[{"href":"https:\/\/lleidacf.cat\/es\/wp-json\/wp\/v2\/types\/post"}],"author":[{"embeddable":true,"href":"https:\/\/lleidacf.cat\/es\/wp-json\/wp\/v2\/users\/6"}],"replies":[{"embeddable":true,"href":"https:\/\/lleidacf.cat\/es\/wp-json\/wp\/v2\/comments?post=3407"}],"version-history":[{"count":0,"href":"https:\/\/lleidacf.cat\/es\/wp-json\/wp\/v2\/posts\/3407\/revisions"}],"wp:featuredmedia":[{"embeddable":true,"href":"https:\/\/lleidacf.cat\/es\/wp-json\/wp\/v2\/media\/3408"}],"wp:attachment":[{"href":"https:\/\/lleidacf.cat\/es\/wp-json\/wp\/v2\/media?parent=3407"}],"wp:term":[{"taxonomy":"category","embeddable":true,"href":"https:\/\/lleidacf.cat\/es\/wp-json\/wp\/v2\/categories?post=3407"},{"taxonomy":"post_tag","embeddable":true,"href":"https:\/\/lleidacf.cat\/es\/wp-json\/wp\/v2\/tags?post=3407"},{"taxonomy":"temporada","embeddable":true,"href":"https:\/\/lleidacf.cat\/es\/wp-json\/wp\/v2\/temporada?post=3407"},{"taxonomy":"club","embeddable":true,"href":"https:\/\/lleidacf.cat\/es\/wp-json\/wp\/v2\/club?post=3407"}],"curies":[{"name":"wp","href":"https:\/\/api.w.org\/{rel}","templated":true}]}}