{"id":3416,"date":"2023-07-20T14:01:24","date_gmt":"2023-07-20T12:01:24","guid":{"rendered":"https:\/\/lleidaesportiu.futbol\/?p=3416"},"modified":"2023-10-03T10:04:17","modified_gmt":"2023-10-03T08:04:17","slug":"ja-tenim-el-calendari-de-partits-de-la-2023-2024","status":"publish","type":"post","link":"https:\/\/lleidacf.cat\/es\/ja-tenim-el-calendari-de-partits-de-la-2023-2024\/","title":{"rendered":"Ja tenim el Calendari de Partits 2023-2024"},"content":{"rendered":"<p>La competici\u00f3n empezar\u00e1 el fin de semana del 2 de septiembre de 2023 en que los azules se enfrentar\u00e1n al CF La Nuc\u00eda en su campo en la Jornada 1. La temporada cerrar\u00e1 el 5 de mayo de 2024 en el campo del H\u00e9rcules de Alicante CF .  <\/p>\n\n\n\n<figure class=\"wp-block-image size-large\"><img fetchpriority=\"high\" decoding=\"async\" width=\"819\" height=\"1024\" src=\"https:\/\/lleidacf.cat\/wp-content\/uploads\/2023\/07\/CALENDARI-PARTITS-2023-2024-819x1024.jpeg\" alt=\"\" class=\"wp-image-3418\" srcset=\"https:\/\/lleidacf.cat\/wp-content\/uploads\/2023\/07\/CALENDARI-PARTITS-2023-2024-819x1024.jpeg 819w, https:\/\/lleidacf.cat\/wp-content\/uploads\/2023\/07\/CALENDARI-PARTITS-2023-2024-240x300.jpeg 240w, https:\/\/lleidacf.cat\/wp-content\/uploads\/2023\/07\/CALENDARI-PARTITS-2023-2024-768x960.jpeg 768w, https:\/\/lleidacf.cat\/wp-content\/uploads\/2023\/07\/CALENDARI-PARTITS-2023-2024-10x12.jpeg 10w, https:\/\/lleidacf.cat\/wp-content\/uploads\/2023\/07\/CALENDARI-PARTITS-2023-2024.jpeg 1080w\" sizes=\"(max-width: 819px) 100vw, 819px\" \/><\/figure>","protected":false},"excerpt":{"rendered":"<p>La competici\u00f3n empezar\u00e1 el fin de semana del 2 de septiembre de 2023 en que los azules se enfrentar\u00e1n al CF\u2026<\/p>","protected":false},"author":6,"featured_media":3417,"comment_status":"closed","ping_status":"open","sticky":false,"template":"","format":"standard","meta":{"footnotes":""},"categories":[36],"tags":[],"temporada":[69],"club":[23],"class_list":["post-3416","post","type-post","status-publish","format-standard","has-post-thumbnail","hentry","category-noticies","temporada-2023-2024","club-lleida-esportiu"],"_links":{"self":[{"href":"https:\/\/lleidacf.cat\/es\/wp-json\/wp\/v2\/posts\/3416","targetHints":{"allow":["GET"]}}],"collection":[{"href":"https:\/\/lleidacf.cat\/es\/wp-json\/wp\/v2\/posts"}],"about":[{"href":"https:\/\/lleidacf.cat\/es\/wp-json\/wp\/v2\/types\/post"}],"author":[{"embeddable":true,"href":"https:\/\/lleidacf.cat\/es\/wp-json\/wp\/v2\/users\/6"}],"replies":[{"embeddable":true,"href":"https:\/\/lleidacf.cat\/es\/wp-json\/wp\/v2\/comments?post=3416"}],"version-history":[{"count":0,"href":"https:\/\/lleidacf.cat\/es\/wp-json\/wp\/v2\/posts\/3416\/revisions"}],"wp:featuredmedia":[{"embeddable":true,"href":"https:\/\/lleidacf.cat\/es\/wp-json\/wp\/v2\/media\/3417"}],"wp:attachment":[{"href":"https:\/\/lleidacf.cat\/es\/wp-json\/wp\/v2\/media?parent=3416"}],"wp:term":[{"taxonomy":"category","embeddable":true,"href":"https:\/\/lleidacf.cat\/es\/wp-json\/wp\/v2\/categories?post=3416"},{"taxonomy":"post_tag","embeddable":true,"href":"https:\/\/lleidacf.cat\/es\/wp-json\/wp\/v2\/tags?post=3416"},{"taxonomy":"temporada","embeddable":true,"href":"https:\/\/lleidacf.cat\/es\/wp-json\/wp\/v2\/temporada?post=3416"},{"taxonomy":"club","embeddable":true,"href":"https:\/\/lleidacf.cat\/es\/wp-json\/wp\/v2\/club?post=3416"}],"curies":[{"name":"wp","href":"https:\/\/api.w.org\/{rel}","templated":true}]}}