{"id":3459,"date":"2023-07-22T22:43:23","date_gmt":"2023-07-22T20:43:23","guid":{"rendered":"https:\/\/lleidaesportiu.futbol\/?p=3459"},"modified":"2023-10-03T10:03:18","modified_gmt":"2023-10-03T08:03:18","slug":"nou-fitxatge-top-alex-rico","status":"publish","type":"post","link":"https:\/\/lleidacf.cat\/es\/nou-fitxatge-top-alex-rico\/","title":{"rendered":"Nuevo fichaje top: \u00c0lex Rico!!!!"},"content":{"rendered":"<p>El centrocampista, nacido en la capital del Segri\u00e0 en el 2002 y de 1,72 de altura, ser\u00e1 otra de las grandes piezas de la plantilla del Lleida Esportiu para la temporada 2023-2024.<\/p>\n\n\n\n<p>El futbolista, formado en la cantera del FC Barcelona, llega proveniente del Atl\u00e9tico malague\u00f1o donde ha militado en los dos \u00faltimos a\u00f1os. &nbsp;&nbsp;&nbsp;&nbsp;&nbsp;&nbsp;&nbsp;&nbsp;&nbsp;&nbsp;&nbsp;&nbsp;&nbsp;&nbsp;&nbsp;&nbsp;&nbsp;&nbsp;&nbsp;&nbsp;&nbsp;<\/p>\n\n\n\n<p>Se trata de un jugador t\u00e9cnicamente muy completo, que sabe elegir bien la acci\u00f3n correcta en cada momento, asociativo y con gran capacidad para llegar desde la segunda l\u00ednea. En el \u00e1mbito defensivo es un jugador comprometido y din\u00e1mico para presionar al rival. &nbsp;&nbsp;&nbsp;&nbsp;&nbsp;&nbsp;&nbsp;&nbsp;&nbsp;&nbsp;&nbsp;&nbsp;&nbsp;&nbsp;&nbsp;&nbsp;&nbsp;&nbsp;&nbsp;&nbsp;&nbsp;&nbsp;&nbsp;&nbsp;&nbsp;&nbsp;&nbsp;&nbsp;&nbsp;&nbsp;&nbsp;&nbsp;&nbsp;&nbsp;&nbsp;&nbsp;&nbsp;&nbsp;&nbsp;&nbsp;&nbsp;&nbsp;&nbsp;&nbsp;<\/p>","protected":false},"excerpt":{"rendered":"<p>El centrocampista, nacido en la capital del Segri\u00e0 en el 2002 y de 1,72 de altura, ser\u00e1 otra de las grandes\u2026<\/p>","protected":false},"author":6,"featured_media":3460,"comment_status":"closed","ping_status":"open","sticky":false,"template":"","format":"standard","meta":{"footnotes":""},"categories":[36],"tags":[],"temporada":[69],"club":[23],"class_list":["post-3459","post","type-post","status-publish","format-standard","has-post-thumbnail","hentry","category-noticies","temporada-2023-2024","club-lleida-esportiu"],"_links":{"self":[{"href":"https:\/\/lleidacf.cat\/es\/wp-json\/wp\/v2\/posts\/3459","targetHints":{"allow":["GET"]}}],"collection":[{"href":"https:\/\/lleidacf.cat\/es\/wp-json\/wp\/v2\/posts"}],"about":[{"href":"https:\/\/lleidacf.cat\/es\/wp-json\/wp\/v2\/types\/post"}],"author":[{"embeddable":true,"href":"https:\/\/lleidacf.cat\/es\/wp-json\/wp\/v2\/users\/6"}],"replies":[{"embeddable":true,"href":"https:\/\/lleidacf.cat\/es\/wp-json\/wp\/v2\/comments?post=3459"}],"version-history":[{"count":0,"href":"https:\/\/lleidacf.cat\/es\/wp-json\/wp\/v2\/posts\/3459\/revisions"}],"wp:featuredmedia":[{"embeddable":true,"href":"https:\/\/lleidacf.cat\/es\/wp-json\/wp\/v2\/media\/3460"}],"wp:attachment":[{"href":"https:\/\/lleidacf.cat\/es\/wp-json\/wp\/v2\/media?parent=3459"}],"wp:term":[{"taxonomy":"category","embeddable":true,"href":"https:\/\/lleidacf.cat\/es\/wp-json\/wp\/v2\/categories?post=3459"},{"taxonomy":"post_tag","embeddable":true,"href":"https:\/\/lleidacf.cat\/es\/wp-json\/wp\/v2\/tags?post=3459"},{"taxonomy":"temporada","embeddable":true,"href":"https:\/\/lleidacf.cat\/es\/wp-json\/wp\/v2\/temporada?post=3459"},{"taxonomy":"club","embeddable":true,"href":"https:\/\/lleidacf.cat\/es\/wp-json\/wp\/v2\/club?post=3459"}],"curies":[{"name":"wp","href":"https:\/\/api.w.org\/{rel}","templated":true}]}}