{"id":3489,"date":"2023-07-27T16:20:41","date_gmt":"2023-07-27T14:20:41","guid":{"rendered":"https:\/\/lleidaesportiu.futbol\/?p=3489"},"modified":"2023-10-02T16:10:23","modified_gmt":"2023-10-02T14:10:23","slug":"que-el-creixement-individual-vagi-de-la-ma-del-collectiu-es-lobjectiu-que-comparteixen-alex-rico-i-mateo-enriquez","status":"publish","type":"post","link":"https:\/\/lleidacf.cat\/es\/que-el-creixement-individual-vagi-de-la-ma-del-collectiu-es-lobjectiu-que-comparteixen-alex-rico-i-mateo-enriquez\/","title":{"rendered":"Que el creixement individual vagi de la m\u00e0 del col\u00b7lectiu \u00e9s l\u2019objectiu que comparteixen \u00c0lex Rico i Mateo Enr\u00edquez"},"content":{"rendered":"<p>Els migcampistes arriben a Ponent amb la intenci\u00f3 de sumar el m\u00e0xim de minuts i complint el desig de formar part d\u2019un hist\u00f2ric com el Lleida Esportiu.<\/p>\n\n\n\n<p>Les dues darreres incorporacions blaves han assegurat que sempre havien volgut jugar en aquest club i en una gespa com la del Camp d\u2019Esports. El &nbsp;lleidat\u00e0 amb la il\u00b7lusi\u00f3 de tornar a casa, despr\u00e9s d\u2019haver-se format a les categories inferiors del Futbol Club Barcelona, mentre que l\u2019hispano-argent\u00ed ha assegurat estar entusiasmat amb les idees de l\u2019actual projecte i amb el fet de complir el somni de formar part d\u2019un hist\u00f2ric de la capital de Ponent.<\/p>\n\n\n\n<p>Tots dos comparteixen un mateix objectiu: ser peces importants i sumar el m\u00e0xim de minuts al terreny de joc tot conduint en paral\u00b7lel el seu creixement com a jugadors amb la crescuda general i col\u00b7lectiva de l\u2019equip.<\/p>\n\n\n\n<p>\u00c0lex Rico \u00e9s un futbolista molt t\u00e8cnic, associatiu i din\u00e0mic que aportar\u00e0 pausa i tranquil\u00b7litat amb la pilota alhora que capacitat d\u2019accelerar per a superar l\u00ednies a l\u2019interior, mentre que Mateo Enr\u00edquez, que ve de fer 5 gols amb el Badalona Futur i fins a 6 assist\u00e8ncies, t\u00e9 molta arribada i bon xut des de la segona l\u00ednia.<\/p>\n\n\n\n<figure class=\"wp-block-image size-large\"><img fetchpriority=\"high\" decoding=\"async\" width=\"1024\" height=\"680\" src=\"https:\/\/lleidacf.cat\/wp-content\/uploads\/2023\/07\/ALEX-MATEO-I-RAUL-FUSTER-1024x680.jpeg\" alt=\"\" class=\"wp-image-3490\" srcset=\"https:\/\/lleidacf.cat\/wp-content\/uploads\/2023\/07\/ALEX-MATEO-I-RAUL-FUSTER-1024x680.jpeg 1024w, https:\/\/lleidacf.cat\/wp-content\/uploads\/2023\/07\/ALEX-MATEO-I-RAUL-FUSTER-300x199.jpeg 300w, https:\/\/lleidacf.cat\/wp-content\/uploads\/2023\/07\/ALEX-MATEO-I-RAUL-FUSTER-768x510.jpeg 768w, https:\/\/lleidacf.cat\/wp-content\/uploads\/2023\/07\/ALEX-MATEO-I-RAUL-FUSTER-1536x1020.jpeg 1536w, https:\/\/lleidacf.cat\/wp-content\/uploads\/2023\/07\/ALEX-MATEO-I-RAUL-FUSTER-18x12.jpeg 18w, https:\/\/lleidacf.cat\/wp-content\/uploads\/2023\/07\/ALEX-MATEO-I-RAUL-FUSTER.jpeg 1600w\" sizes=\"(max-width: 1024px) 100vw, 1024px\" \/><\/figure>\n\n\n\n<figure class=\"wp-block-image size-full\"><img decoding=\"async\" width=\"1024\" height=\"768\" src=\"https:\/\/lleidacf.cat\/wp-content\/uploads\/2023\/07\/RICO-I-MATEO.jpeg\" alt=\"\" class=\"wp-image-3491\" srcset=\"https:\/\/lleidacf.cat\/wp-content\/uploads\/2023\/07\/RICO-I-MATEO.jpeg 1024w, https:\/\/lleidacf.cat\/wp-content\/uploads\/2023\/07\/RICO-I-MATEO-300x225.jpeg 300w, https:\/\/lleidacf.cat\/wp-content\/uploads\/2023\/07\/RICO-I-MATEO-768x576.jpeg 768w, https:\/\/lleidacf.cat\/wp-content\/uploads\/2023\/07\/RICO-I-MATEO-16x12.jpeg 16w\" sizes=\"(max-width: 1024px) 100vw, 1024px\" \/><\/figure>","protected":false},"excerpt":{"rendered":"<p>Els migcampistes arriben a Ponent amb la intenci\u00f3 de sumar el m\u00e0xim de minuts i complint el desig de formar&#8230;<\/p>","protected":false},"author":6,"featured_media":3495,"comment_status":"closed","ping_status":"open","sticky":false,"template":"","format":"standard","meta":{"footnotes":""},"categories":[36],"tags":[],"temporada":[69],"club":[23],"class_list":["post-3489","post","type-post","status-publish","format-standard","has-post-thumbnail","hentry","category-noticies","temporada-2023-2024","club-lleida-esportiu"],"_links":{"self":[{"href":"https:\/\/lleidacf.cat\/es\/wp-json\/wp\/v2\/posts\/3489","targetHints":{"allow":["GET"]}}],"collection":[{"href":"https:\/\/lleidacf.cat\/es\/wp-json\/wp\/v2\/posts"}],"about":[{"href":"https:\/\/lleidacf.cat\/es\/wp-json\/wp\/v2\/types\/post"}],"author":[{"embeddable":true,"href":"https:\/\/lleidacf.cat\/es\/wp-json\/wp\/v2\/users\/6"}],"replies":[{"embeddable":true,"href":"https:\/\/lleidacf.cat\/es\/wp-json\/wp\/v2\/comments?post=3489"}],"version-history":[{"count":0,"href":"https:\/\/lleidacf.cat\/es\/wp-json\/wp\/v2\/posts\/3489\/revisions"}],"wp:featuredmedia":[{"embeddable":true,"href":"https:\/\/lleidacf.cat\/es\/wp-json\/wp\/v2\/media\/3495"}],"wp:attachment":[{"href":"https:\/\/lleidacf.cat\/es\/wp-json\/wp\/v2\/media?parent=3489"}],"wp:term":[{"taxonomy":"category","embeddable":true,"href":"https:\/\/lleidacf.cat\/es\/wp-json\/wp\/v2\/categories?post=3489"},{"taxonomy":"post_tag","embeddable":true,"href":"https:\/\/lleidacf.cat\/es\/wp-json\/wp\/v2\/tags?post=3489"},{"taxonomy":"temporada","embeddable":true,"href":"https:\/\/lleidacf.cat\/es\/wp-json\/wp\/v2\/temporada?post=3489"},{"taxonomy":"club","embeddable":true,"href":"https:\/\/lleidacf.cat\/es\/wp-json\/wp\/v2\/club?post=3489"}],"curies":[{"name":"wp","href":"https:\/\/api.w.org\/{rel}","templated":true}]}}