{"id":3497,"date":"2023-07-27T21:39:23","date_gmt":"2023-07-27T19:39:23","guid":{"rendered":"https:\/\/lleidaesportiu.futbol\/?p=3497"},"modified":"2023-10-02T16:10:05","modified_gmt":"2023-10-02T14:10:05","slug":"el-lleida-esportiu-rep-els-200-000-euros-del-levante-per-la-marxa-del-davanter-joel-febas","status":"publish","type":"post","link":"https:\/\/lleidacf.cat\/es\/el-lleida-esportiu-rep-els-200-000-euros-del-levante-per-la-marxa-del-davanter-joel-febas\/","title":{"rendered":"El Lleida Esportiu rep els 200.000 euros del Levante per la marxa del davanter Joel Febas"},"content":{"rendered":"<p>El Levante Uni\u00f3n Deportiva SAD ha fet efectiu avui el pagament dels 200.000 euros que ha hagut d\u2019assumir com a compensaci\u00f3, per ab\u00fas de dret en la manera d\u2019actuar i danys i perjudicis, arran de la contractaci\u00f3 que va fer l\u2019estiu passat del futbolista Joel Febas.<\/p>\n\n\n\n<p>El Comit\u00e8 Jurisdiccional de la Real Federaci\u00f3n Espa\u00f1ola de F\u00fatbol va resoldre estimar parcialment la reclamaci\u00f3 formulada pel Lleida Esportiu acordant el pagament d\u2019aquesta xifra, corresponent a la cl\u00e0usula de rescissi\u00f3 del davanter lleidat\u00e0, i la cancel\u00b7laci\u00f3 de la llic\u00e8ncia que li va permetre incorporar-se a l\u2019equip valenci\u00e0.<\/p>\n\n\n\n<p>Aquest pagament suposa l\u2019arxivament de l\u2019expedient i deixa sense efecte les mesures executives acordades.<\/p>","protected":false},"excerpt":{"rendered":"<p>El Levante Uni\u00f3n Deportiva SAD ha fet efectiu avui el pagament dels 200.000 euros que ha hagut d\u2019assumir com a&#8230;<\/p>","protected":false},"author":6,"featured_media":3016,"comment_status":"closed","ping_status":"open","sticky":false,"template":"","format":"standard","meta":{"footnotes":""},"categories":[36],"tags":[],"temporada":[69],"club":[23],"class_list":["post-3497","post","type-post","status-publish","format-standard","has-post-thumbnail","hentry","category-noticies","temporada-2023-2024","club-lleida-esportiu"],"_links":{"self":[{"href":"https:\/\/lleidacf.cat\/es\/wp-json\/wp\/v2\/posts\/3497","targetHints":{"allow":["GET"]}}],"collection":[{"href":"https:\/\/lleidacf.cat\/es\/wp-json\/wp\/v2\/posts"}],"about":[{"href":"https:\/\/lleidacf.cat\/es\/wp-json\/wp\/v2\/types\/post"}],"author":[{"embeddable":true,"href":"https:\/\/lleidacf.cat\/es\/wp-json\/wp\/v2\/users\/6"}],"replies":[{"embeddable":true,"href":"https:\/\/lleidacf.cat\/es\/wp-json\/wp\/v2\/comments?post=3497"}],"version-history":[{"count":0,"href":"https:\/\/lleidacf.cat\/es\/wp-json\/wp\/v2\/posts\/3497\/revisions"}],"wp:featuredmedia":[{"embeddable":true,"href":"https:\/\/lleidacf.cat\/es\/wp-json\/wp\/v2\/media\/3016"}],"wp:attachment":[{"href":"https:\/\/lleidacf.cat\/es\/wp-json\/wp\/v2\/media?parent=3497"}],"wp:term":[{"taxonomy":"category","embeddable":true,"href":"https:\/\/lleidacf.cat\/es\/wp-json\/wp\/v2\/categories?post=3497"},{"taxonomy":"post_tag","embeddable":true,"href":"https:\/\/lleidacf.cat\/es\/wp-json\/wp\/v2\/tags?post=3497"},{"taxonomy":"temporada","embeddable":true,"href":"https:\/\/lleidacf.cat\/es\/wp-json\/wp\/v2\/temporada?post=3497"},{"taxonomy":"club","embeddable":true,"href":"https:\/\/lleidacf.cat\/es\/wp-json\/wp\/v2\/club?post=3497"}],"curies":[{"name":"wp","href":"https:\/\/api.w.org\/{rel}","templated":true}]}}