{"id":3514,"date":"2023-08-02T13:13:57","date_gmt":"2023-08-02T11:13:57","guid":{"rendered":"https:\/\/lleidaesportiu.futbol\/?p=3514"},"modified":"2023-10-02T16:08:49","modified_gmt":"2023-10-02T14:08:49","slug":"el-lleida-esportiu-es-el-millor-lloc-per-al-meu-ressorgiment-futbolistic","status":"publish","type":"post","link":"https:\/\/lleidacf.cat\/es\/el-lleida-esportiu-es-el-millor-lloc-per-al-meu-ressorgiment-futbolistic\/","title":{"rendered":"&#8216;El Lleida Esportiu \u00e9s el millor lloc per al meu ressorgiment futbol\u00edstic&#8217;"},"content":{"rendered":"<p>Neyder Lozano assegura que ser\u00e0 al club blau on tornar\u00e0 a desplegar la seva millor versi\u00f3 com a futbolista. Arriba amb la intenci\u00f3 i totes les ganes de superar els temps dif\u00edcils que ha viscut a conseq\u00fc\u00e8ncia de les seves lesions i ara torna a sentir-se molt fort, en haver-les deixat enrere.<\/p>\n\n\n\n<p>Es defineix com un jugador complet i r\u00e0pid que vol recuperar la sensaci\u00f3 de ser important a la gespa i gaudir de tot el que creu que pot oferir. Ho far\u00e0 al Lleida Esportiu perqu\u00e8 diu que \u00e9s un gran club on podr\u00e0 jugar molts minuts, recuperar la confian\u00e7a i les seves virtuts guanyant-se amb el seu treball poder estar cada setmana sobre el terreny de joc.<\/p>\n\n\n\n<p>El director de l&#8217;\u00c0rea Esportiva del Lleida Esportiu, Ra\u00fal Fuster, est\u00e0 conven\u00e7ut de la import\u00e0ncia de la seva aportaci\u00f3 i de que el colombi\u00e0 ser\u00e0 una pe\u00e7a decisiva pel que fa a la defensa de l&#8217;equip: &#8216;Hi ha Neyder per a estona i en categoria superior, n&#8217;estic del tot segur&#8217;.<\/p>\n\n\n\n<p><\/p>\n\n\n\n<figure class=\"wp-block-image size-large\"><img fetchpriority=\"high\" decoding=\"async\" width=\"1024\" height=\"680\" src=\"https:\/\/lleidacf.cat\/wp-content\/uploads\/2023\/08\/NEYDER-PRESENTACIO-2-1024x680.jpeg\" alt=\"\" class=\"wp-image-3516\" srcset=\"https:\/\/lleidacf.cat\/wp-content\/uploads\/2023\/08\/NEYDER-PRESENTACIO-2-1024x680.jpeg 1024w, https:\/\/lleidacf.cat\/wp-content\/uploads\/2023\/08\/NEYDER-PRESENTACIO-2-300x199.jpeg 300w, https:\/\/lleidacf.cat\/wp-content\/uploads\/2023\/08\/NEYDER-PRESENTACIO-2-768x510.jpeg 768w, https:\/\/lleidacf.cat\/wp-content\/uploads\/2023\/08\/NEYDER-PRESENTACIO-2-1536x1020.jpeg 1536w, https:\/\/lleidacf.cat\/wp-content\/uploads\/2023\/08\/NEYDER-PRESENTACIO-2-18x12.jpeg 18w, https:\/\/lleidacf.cat\/wp-content\/uploads\/2023\/08\/NEYDER-PRESENTACIO-2.jpeg 1600w\" sizes=\"(max-width: 1024px) 100vw, 1024px\" \/><\/figure>\n\n\n\n<figure class=\"wp-block-image size-full\"><img decoding=\"async\" width=\"768\" height=\"1024\" src=\"https:\/\/lleidacf.cat\/wp-content\/uploads\/2023\/08\/NEYDER.jpeg\" alt=\"\" class=\"wp-image-3521\" srcset=\"https:\/\/lleidacf.cat\/wp-content\/uploads\/2023\/08\/NEYDER.jpeg 768w, https:\/\/lleidacf.cat\/wp-content\/uploads\/2023\/08\/NEYDER-225x300.jpeg 225w, https:\/\/lleidacf.cat\/wp-content\/uploads\/2023\/08\/NEYDER-9x12.jpeg 9w\" sizes=\"(max-width: 768px) 100vw, 768px\" \/><\/figure>\n\n\n\n<figure class=\"wp-block-gallery has-nested-images columns-default is-cropped wp-block-gallery-1 is-layout-flex wp-block-gallery-is-layout-flex\">\n<figure class=\"wp-block-image size-large\"><img decoding=\"async\" width=\"1024\" height=\"768\" data-id=\"3524\" src=\"https:\/\/lleidacf.cat\/wp-content\/uploads\/2023\/08\/NEYDER-I-PREMSA.jpeg\" alt=\"\" class=\"wp-image-3524\" srcset=\"https:\/\/lleidacf.cat\/wp-content\/uploads\/2023\/08\/NEYDER-I-PREMSA.jpeg 1024w, https:\/\/lleidacf.cat\/wp-content\/uploads\/2023\/08\/NEYDER-I-PREMSA-300x225.jpeg 300w, https:\/\/lleidacf.cat\/wp-content\/uploads\/2023\/08\/NEYDER-I-PREMSA-768x576.jpeg 768w, https:\/\/lleidacf.cat\/wp-content\/uploads\/2023\/08\/NEYDER-I-PREMSA-16x12.jpeg 16w\" sizes=\"(max-width: 1024px) 100vw, 1024px\" \/><\/figure>\n\n\n\n<figure class=\"wp-block-image size-large\"><img loading=\"lazy\" decoding=\"async\" width=\"1024\" height=\"680\" data-id=\"3517\" src=\"https:\/\/lleidacf.cat\/wp-content\/uploads\/2023\/08\/NEYDER-PRESENTACIO-1-1024x680.jpeg\" alt=\"\" class=\"wp-image-3517\" srcset=\"https:\/\/lleidacf.cat\/wp-content\/uploads\/2023\/08\/NEYDER-PRESENTACIO-1-1024x680.jpeg 1024w, https:\/\/lleidacf.cat\/wp-content\/uploads\/2023\/08\/NEYDER-PRESENTACIO-1-300x199.jpeg 300w, https:\/\/lleidacf.cat\/wp-content\/uploads\/2023\/08\/NEYDER-PRESENTACIO-1-768x510.jpeg 768w, https:\/\/lleidacf.cat\/wp-content\/uploads\/2023\/08\/NEYDER-PRESENTACIO-1-1536x1020.jpeg 1536w, https:\/\/lleidacf.cat\/wp-content\/uploads\/2023\/08\/NEYDER-PRESENTACIO-1-18x12.jpeg 18w, https:\/\/lleidacf.cat\/wp-content\/uploads\/2023\/08\/NEYDER-PRESENTACIO-1.jpeg 1600w\" sizes=\"(max-width: 1024px) 100vw, 1024px\" \/><\/figure>\n<\/figure>\n\n\n\n<figure class=\"wp-block-image size-full\"><img loading=\"lazy\" decoding=\"async\" width=\"1024\" height=\"768\" src=\"https:\/\/lleidacf.cat\/wp-content\/uploads\/2023\/08\/NEYDER-AMB-RAUL.jpeg\" alt=\"\" class=\"wp-image-3522\" srcset=\"https:\/\/lleidacf.cat\/wp-content\/uploads\/2023\/08\/NEYDER-AMB-RAUL.jpeg 1024w, https:\/\/lleidacf.cat\/wp-content\/uploads\/2023\/08\/NEYDER-AMB-RAUL-300x225.jpeg 300w, https:\/\/lleidacf.cat\/wp-content\/uploads\/2023\/08\/NEYDER-AMB-RAUL-768x576.jpeg 768w, https:\/\/lleidacf.cat\/wp-content\/uploads\/2023\/08\/NEYDER-AMB-RAUL-16x12.jpeg 16w\" sizes=\"(max-width: 1024px) 100vw, 1024px\" \/><\/figure>","protected":false},"excerpt":{"rendered":"<p>Neyder Lozano assegura que ser\u00e0 al club blau on tornar\u00e0 a desplegar la seva millor versi\u00f3 com a futbolista. Arriba&#8230;<\/p>","protected":false},"author":6,"featured_media":3520,"comment_status":"closed","ping_status":"open","sticky":false,"template":"","format":"standard","meta":{"footnotes":""},"categories":[36],"tags":[],"temporada":[69],"club":[23],"class_list":["post-3514","post","type-post","status-publish","format-standard","has-post-thumbnail","hentry","category-noticies","temporada-2023-2024","club-lleida-esportiu"],"_links":{"self":[{"href":"https:\/\/lleidacf.cat\/es\/wp-json\/wp\/v2\/posts\/3514","targetHints":{"allow":["GET"]}}],"collection":[{"href":"https:\/\/lleidacf.cat\/es\/wp-json\/wp\/v2\/posts"}],"about":[{"href":"https:\/\/lleidacf.cat\/es\/wp-json\/wp\/v2\/types\/post"}],"author":[{"embeddable":true,"href":"https:\/\/lleidacf.cat\/es\/wp-json\/wp\/v2\/users\/6"}],"replies":[{"embeddable":true,"href":"https:\/\/lleidacf.cat\/es\/wp-json\/wp\/v2\/comments?post=3514"}],"version-history":[{"count":0,"href":"https:\/\/lleidacf.cat\/es\/wp-json\/wp\/v2\/posts\/3514\/revisions"}],"wp:featuredmedia":[{"embeddable":true,"href":"https:\/\/lleidacf.cat\/es\/wp-json\/wp\/v2\/media\/3520"}],"wp:attachment":[{"href":"https:\/\/lleidacf.cat\/es\/wp-json\/wp\/v2\/media?parent=3514"}],"wp:term":[{"taxonomy":"category","embeddable":true,"href":"https:\/\/lleidacf.cat\/es\/wp-json\/wp\/v2\/categories?post=3514"},{"taxonomy":"post_tag","embeddable":true,"href":"https:\/\/lleidacf.cat\/es\/wp-json\/wp\/v2\/tags?post=3514"},{"taxonomy":"temporada","embeddable":true,"href":"https:\/\/lleidacf.cat\/es\/wp-json\/wp\/v2\/temporada?post=3514"},{"taxonomy":"club","embeddable":true,"href":"https:\/\/lleidacf.cat\/es\/wp-json\/wp\/v2\/club?post=3514"}],"curies":[{"name":"wp","href":"https:\/\/api.w.org\/{rel}","templated":true}]}}