{"id":3594,"date":"2023-08-21T08:54:47","date_gmt":"2023-08-21T06:54:47","guid":{"rendered":"https:\/\/lleidaesportiu.futbol\/?p=3594"},"modified":"2023-10-02T16:05:51","modified_gmt":"2023-10-02T14:05:51","slug":"les-nenes-i-nens-saharauis-tornen-al-camp-desports","status":"publish","type":"post","link":"https:\/\/lleidacf.cat\/es\/les-nenes-i-nens-saharauis-tornen-al-camp-desports\/","title":{"rendered":"Les nenes i nens saharau\u00eds tornen al Camp d&#8217;Esports"},"content":{"rendered":"<p>Gaudir del Lleida Esportiu-UE Cornell\u00e0 del Trofeu Emili Vicente ha tornat a formar part, un estiu m\u00e9s, de l\u2019agenda de les nenes i nens sahrau\u00eds que comparteixen estada amb diferents fam\u00edlies lleidatanes.<\/p>\n\n\n\n<p><\/p>\n\n\n\n<p>Ha estat un plaer tenir-vos entre nosaltres; gr\u00e0cies al Projecte Haima Acull i Vacances en Pau!!!<\/p>\n\n\n\n<figure class=\"wp-block-image size-full\"><img fetchpriority=\"high\" decoding=\"async\" width=\"1024\" height=\"768\" src=\"https:\/\/lleidacf.cat\/wp-content\/uploads\/2023\/08\/vacances-en-pau-2023.jpeg\" alt=\"\" class=\"wp-image-3596\" srcset=\"https:\/\/lleidacf.cat\/wp-content\/uploads\/2023\/08\/vacances-en-pau-2023.jpeg 1024w, https:\/\/lleidacf.cat\/wp-content\/uploads\/2023\/08\/vacances-en-pau-2023-300x225.jpeg 300w, https:\/\/lleidacf.cat\/wp-content\/uploads\/2023\/08\/vacances-en-pau-2023-768x576.jpeg 768w, https:\/\/lleidacf.cat\/wp-content\/uploads\/2023\/08\/vacances-en-pau-2023-16x12.jpeg 16w\" sizes=\"(max-width: 1024px) 100vw, 1024px\" \/><\/figure>","protected":false},"excerpt":{"rendered":"<p>Gaudir del Lleida Esportiu-UE Cornell\u00e0 del Trofeu Emili Vicente ha tornat a formar part, un estiu m\u00e9s, de l\u2019agenda de&#8230;<\/p>","protected":false},"author":6,"featured_media":3595,"comment_status":"closed","ping_status":"open","sticky":false,"template":"","format":"standard","meta":{"footnotes":""},"categories":[36,1],"tags":[],"temporada":[69],"club":[23],"class_list":["post-3594","post","type-post","status-publish","format-standard","has-post-thumbnail","hentry","category-noticies","category-rsc","temporada-2023-2024","club-lleida-esportiu"],"_links":{"self":[{"href":"https:\/\/lleidacf.cat\/es\/wp-json\/wp\/v2\/posts\/3594","targetHints":{"allow":["GET"]}}],"collection":[{"href":"https:\/\/lleidacf.cat\/es\/wp-json\/wp\/v2\/posts"}],"about":[{"href":"https:\/\/lleidacf.cat\/es\/wp-json\/wp\/v2\/types\/post"}],"author":[{"embeddable":true,"href":"https:\/\/lleidacf.cat\/es\/wp-json\/wp\/v2\/users\/6"}],"replies":[{"embeddable":true,"href":"https:\/\/lleidacf.cat\/es\/wp-json\/wp\/v2\/comments?post=3594"}],"version-history":[{"count":0,"href":"https:\/\/lleidacf.cat\/es\/wp-json\/wp\/v2\/posts\/3594\/revisions"}],"wp:featuredmedia":[{"embeddable":true,"href":"https:\/\/lleidacf.cat\/es\/wp-json\/wp\/v2\/media\/3595"}],"wp:attachment":[{"href":"https:\/\/lleidacf.cat\/es\/wp-json\/wp\/v2\/media?parent=3594"}],"wp:term":[{"taxonomy":"category","embeddable":true,"href":"https:\/\/lleidacf.cat\/es\/wp-json\/wp\/v2\/categories?post=3594"},{"taxonomy":"post_tag","embeddable":true,"href":"https:\/\/lleidacf.cat\/es\/wp-json\/wp\/v2\/tags?post=3594"},{"taxonomy":"temporada","embeddable":true,"href":"https:\/\/lleidacf.cat\/es\/wp-json\/wp\/v2\/temporada?post=3594"},{"taxonomy":"club","embeddable":true,"href":"https:\/\/lleidacf.cat\/es\/wp-json\/wp\/v2\/club?post=3594"}],"curies":[{"name":"wp","href":"https:\/\/api.w.org\/{rel}","templated":true}]}}