{"id":3782,"date":"2023-09-18T13:18:01","date_gmt":"2023-09-18T11:18:01","guid":{"rendered":"https:\/\/lleidaesportiu.futbol\/?p=3782"},"modified":"2023-09-18T13:18:55","modified_gmt":"2023-09-18T11:18:55","slug":"donem-la-benvinguda-a-la-grada-universitaria","status":"publish","type":"post","link":"https:\/\/lleidacf.cat\/es\/donem-la-benvinguda-a-la-grada-universitaria\/","title":{"rendered":"Donem la benvinguda a la Grada Universit\u00e0ria"},"content":{"rendered":"<p>L&#8217;alumnat universitari lleidat\u00e0, que formi part del Servei d&#8217;Esports de la UdL, podr\u00e0 disposar, a partir d&#8217;ara, de l&#8217;abonament per a la temporada 2023-2024 del Lleida Esportiu a un preu de 70 euros, en lloc dels 110 euros, a la zona de Gol Sud.<\/p>\n\n\n\n<p>Tot plegat \u00e9s gr\u00e0cies a l&#8217;acord entre el club i la Universitat de Lleida per a posar<br>en marxa el projecte de creaci\u00f3 de la Grada Universit\u00e0ria al Camp d&#8217;Esports.<\/p>","protected":false},"excerpt":{"rendered":"<p>L&#8217;alumnat universitari lleidat\u00e0, que formi part del Servei d&#8217;Esports de la UdL, podr\u00e0 disposar, a partir d&#8217;ara, de l&#8217;abonament per&#8230;<\/p>","protected":false},"author":6,"featured_media":3783,"comment_status":"closed","ping_status":"open","sticky":false,"template":"","format":"standard","meta":{"footnotes":""},"categories":[36],"tags":[],"temporada":[69],"club":[23],"class_list":["post-3782","post","type-post","status-publish","format-standard","has-post-thumbnail","hentry","category-noticies","temporada-2023-2024","club-lleida-esportiu"],"_links":{"self":[{"href":"https:\/\/lleidacf.cat\/es\/wp-json\/wp\/v2\/posts\/3782","targetHints":{"allow":["GET"]}}],"collection":[{"href":"https:\/\/lleidacf.cat\/es\/wp-json\/wp\/v2\/posts"}],"about":[{"href":"https:\/\/lleidacf.cat\/es\/wp-json\/wp\/v2\/types\/post"}],"author":[{"embeddable":true,"href":"https:\/\/lleidacf.cat\/es\/wp-json\/wp\/v2\/users\/6"}],"replies":[{"embeddable":true,"href":"https:\/\/lleidacf.cat\/es\/wp-json\/wp\/v2\/comments?post=3782"}],"version-history":[{"count":0,"href":"https:\/\/lleidacf.cat\/es\/wp-json\/wp\/v2\/posts\/3782\/revisions"}],"wp:featuredmedia":[{"embeddable":true,"href":"https:\/\/lleidacf.cat\/es\/wp-json\/wp\/v2\/media\/3783"}],"wp:attachment":[{"href":"https:\/\/lleidacf.cat\/es\/wp-json\/wp\/v2\/media?parent=3782"}],"wp:term":[{"taxonomy":"category","embeddable":true,"href":"https:\/\/lleidacf.cat\/es\/wp-json\/wp\/v2\/categories?post=3782"},{"taxonomy":"post_tag","embeddable":true,"href":"https:\/\/lleidacf.cat\/es\/wp-json\/wp\/v2\/tags?post=3782"},{"taxonomy":"temporada","embeddable":true,"href":"https:\/\/lleidacf.cat\/es\/wp-json\/wp\/v2\/temporada?post=3782"},{"taxonomy":"club","embeddable":true,"href":"https:\/\/lleidacf.cat\/es\/wp-json\/wp\/v2\/club?post=3782"}],"curies":[{"name":"wp","href":"https:\/\/api.w.org\/{rel}","templated":true}]}}