{"id":3847,"date":"2023-10-05T15:26:46","date_gmt":"2023-10-05T13:26:46","guid":{"rendered":"https:\/\/lleidaesportiu.futbol\/?p=3847"},"modified":"2023-11-17T14:57:18","modified_gmt":"2023-11-17T13:57:18","slug":"sumem-noves-aliances-ara-amb-lleida-pels-refugiats","status":"publish","type":"post","link":"https:\/\/lleidacf.cat\/es\/sumem-noves-aliances-ara-amb-lleida-pels-refugiats\/","title":{"rendered":"Sumem noves aliances: ara amb Lleida pels Refugiats"},"content":{"rendered":"<p>Teixir xarxa amb la comunitat \u00e9s un dels objectius d\u2019aquest club, m\u00e9s enll\u00e0 de la seva vessant esportiva. \u00c9s per aix\u00f2 que seguim creant sinergies ara tamb\u00e9 amb l\u2019Associaci\u00f3 Lleida pels Refugiats.<\/p>\n\n\n\n<p>Les nenes i nenes sahrau\u00eds que conviuen amb diferents fam\u00edlies de Ponent ja han estat gaudint als estius d\u2019alguns dels partits al Camp d\u2019Esports i ara ho podran seguir fent de manera regular.<\/p>\n\n\n\n<p>\u00c9s en aquest sentit que Pilar Sierra, presidenta de Lleida pels Refugiats, i el director general del Lleida Esportiu, Vicente Javaloyes han acordat que les dues entitats que representen contribuiran m\u00fatuament a promoure i afavorir la inclusi\u00f3 dels col\u00b7lectius amb dificultats.<\/p>\n\n\n\n<p>Aix\u00ed, s\u2019uneixen esfor\u00e7os per generar accions destinades a difondre el gruix dels projectes socials que es desenvolupen, especialment els que es deriven de l\u2019anomenat HAIMA ACULL.<\/p>\n\n\n\n<p>Moltes gr\u00e0cies per la tasca que feu, Lleida pels Refugiats!<\/p>\n\n\n\n<figure class=\"wp-block-image size-full\"><img fetchpriority=\"high\" decoding=\"async\" width=\"1024\" height=\"768\" src=\"https:\/\/lleidacf.cat\/wp-content\/uploads\/2023\/10\/ACORD-LLEIDA-PELS-REFUGIATS-1.jpeg\" alt=\"\" class=\"wp-image-3848\" srcset=\"https:\/\/lleidacf.cat\/wp-content\/uploads\/2023\/10\/ACORD-LLEIDA-PELS-REFUGIATS-1.jpeg 1024w, https:\/\/lleidacf.cat\/wp-content\/uploads\/2023\/10\/ACORD-LLEIDA-PELS-REFUGIATS-1-300x225.jpeg 300w, https:\/\/lleidacf.cat\/wp-content\/uploads\/2023\/10\/ACORD-LLEIDA-PELS-REFUGIATS-1-768x576.jpeg 768w, https:\/\/lleidacf.cat\/wp-content\/uploads\/2023\/10\/ACORD-LLEIDA-PELS-REFUGIATS-1-16x12.jpeg 16w\" sizes=\"(max-width: 1024px) 100vw, 1024px\" \/><\/figure>\n\n\n\n<figure class=\"wp-block-image size-full\"><img decoding=\"async\" width=\"768\" height=\"1024\" src=\"https:\/\/lleidacf.cat\/wp-content\/uploads\/2023\/10\/ACORD-LLEIDA-PELS-REFUGIATS-2.jpeg\" alt=\"\" class=\"wp-image-3849\" srcset=\"https:\/\/lleidacf.cat\/wp-content\/uploads\/2023\/10\/ACORD-LLEIDA-PELS-REFUGIATS-2.jpeg 768w, https:\/\/lleidacf.cat\/wp-content\/uploads\/2023\/10\/ACORD-LLEIDA-PELS-REFUGIATS-2-225x300.jpeg 225w, https:\/\/lleidacf.cat\/wp-content\/uploads\/2023\/10\/ACORD-LLEIDA-PELS-REFUGIATS-2-9x12.jpeg 9w\" sizes=\"(max-width: 768px) 100vw, 768px\" \/><\/figure>","protected":false},"excerpt":{"rendered":"<p>Teixir xarxa amb la comunitat \u00e9s un dels objectius d\u2019aquest club, m\u00e9s enll\u00e0 de la seva vessant esportiva. \u00c9s per&#8230;<\/p>","protected":false},"author":6,"featured_media":3852,"comment_status":"closed","ping_status":"open","sticky":false,"template":"","format":"standard","meta":{"footnotes":""},"categories":[36,1],"tags":[],"temporada":[69],"club":[23],"class_list":["post-3847","post","type-post","status-publish","format-standard","has-post-thumbnail","hentry","category-noticies","category-rsc","temporada-2023-2024","club-lleida-esportiu"],"_links":{"self":[{"href":"https:\/\/lleidacf.cat\/es\/wp-json\/wp\/v2\/posts\/3847","targetHints":{"allow":["GET"]}}],"collection":[{"href":"https:\/\/lleidacf.cat\/es\/wp-json\/wp\/v2\/posts"}],"about":[{"href":"https:\/\/lleidacf.cat\/es\/wp-json\/wp\/v2\/types\/post"}],"author":[{"embeddable":true,"href":"https:\/\/lleidacf.cat\/es\/wp-json\/wp\/v2\/users\/6"}],"replies":[{"embeddable":true,"href":"https:\/\/lleidacf.cat\/es\/wp-json\/wp\/v2\/comments?post=3847"}],"version-history":[{"count":0,"href":"https:\/\/lleidacf.cat\/es\/wp-json\/wp\/v2\/posts\/3847\/revisions"}],"wp:featuredmedia":[{"embeddable":true,"href":"https:\/\/lleidacf.cat\/es\/wp-json\/wp\/v2\/media\/3852"}],"wp:attachment":[{"href":"https:\/\/lleidacf.cat\/es\/wp-json\/wp\/v2\/media?parent=3847"}],"wp:term":[{"taxonomy":"category","embeddable":true,"href":"https:\/\/lleidacf.cat\/es\/wp-json\/wp\/v2\/categories?post=3847"},{"taxonomy":"post_tag","embeddable":true,"href":"https:\/\/lleidacf.cat\/es\/wp-json\/wp\/v2\/tags?post=3847"},{"taxonomy":"temporada","embeddable":true,"href":"https:\/\/lleidacf.cat\/es\/wp-json\/wp\/v2\/temporada?post=3847"},{"taxonomy":"club","embeddable":true,"href":"https:\/\/lleidacf.cat\/es\/wp-json\/wp\/v2\/club?post=3847"}],"curies":[{"name":"wp","href":"https:\/\/api.w.org\/{rel}","templated":true}]}}