{"id":3869,"date":"2023-10-10T10:42:31","date_gmt":"2023-10-10T08:42:31","guid":{"rendered":"https:\/\/lleidaesportiu.futbol\/?p=3869"},"modified":"2023-11-17T14:56:13","modified_gmt":"2023-11-17T13:56:13","slug":"el-guanyador-del-sorteig-recull-la-seva-samarreta","status":"publish","type":"post","link":"https:\/\/lleidacf.cat\/es\/el-guanyador-del-sorteig-recull-la-seva-samarreta\/","title":{"rendered":"El guanyador del sorteig recull la seva samarreta"},"content":{"rendered":"<p>El petit aficionat del Lleida Esportiu ha recollit la samarreta que hem sortejat entre tots els aficionats i les aficionades que ens van visitar, a l&#8217;estand de Teyme amb qui vam estar presents a la Fira agr\u00e0ria de Sant Miquel. <\/p>\n\n\n\n<p>Mart\u00ed Cam\u00ed l&#8217;ha recollit acompanyat de la seva fam\u00edlia i abans de gaudir de l&#8217;espectacular partit del Lleida Esportiu contra la Pe\u00f1a Deportiva. <\/p>\n\n\n\n<p>L&#8217;enhorabona al guanyador i a lluir-la amb orgull!<\/p>\n\n\n\n<p><\/p>\n\n\n\n<figure class=\"wp-block-image size-large\"><img fetchpriority=\"high\" decoding=\"async\" width=\"1024\" height=\"680\" src=\"https:\/\/lleidacf.cat\/wp-content\/uploads\/2023\/10\/GUANYADOR-SORTEIG-SAMARRETA-SETEMBRE-2023-1024x680.jpeg\" alt=\"\" class=\"wp-image-3870\" srcset=\"https:\/\/lleidacf.cat\/wp-content\/uploads\/2023\/10\/GUANYADOR-SORTEIG-SAMARRETA-SETEMBRE-2023-1024x680.jpeg 1024w, https:\/\/lleidacf.cat\/wp-content\/uploads\/2023\/10\/GUANYADOR-SORTEIG-SAMARRETA-SETEMBRE-2023-300x199.jpeg 300w, https:\/\/lleidacf.cat\/wp-content\/uploads\/2023\/10\/GUANYADOR-SORTEIG-SAMARRETA-SETEMBRE-2023-768x510.jpeg 768w, https:\/\/lleidacf.cat\/wp-content\/uploads\/2023\/10\/GUANYADOR-SORTEIG-SAMARRETA-SETEMBRE-2023-1536x1020.jpeg 1536w, https:\/\/lleidacf.cat\/wp-content\/uploads\/2023\/10\/GUANYADOR-SORTEIG-SAMARRETA-SETEMBRE-2023-18x12.jpeg 18w, https:\/\/lleidacf.cat\/wp-content\/uploads\/2023\/10\/GUANYADOR-SORTEIG-SAMARRETA-SETEMBRE-2023.jpeg 1600w\" sizes=\"(max-width: 1024px) 100vw, 1024px\" \/><\/figure>","protected":false},"excerpt":{"rendered":"<p>El petit aficionat del Lleida Esportiu ha recollit la samarreta que hem sortejat entre tots els aficionats i les aficionades&#8230;<\/p>","protected":false},"author":6,"featured_media":3871,"comment_status":"closed","ping_status":"open","sticky":false,"template":"","format":"standard","meta":{"footnotes":""},"categories":[36],"tags":[],"temporada":[69],"club":[23],"class_list":["post-3869","post","type-post","status-publish","format-standard","has-post-thumbnail","hentry","category-noticies","temporada-2023-2024","club-lleida-esportiu"],"_links":{"self":[{"href":"https:\/\/lleidacf.cat\/es\/wp-json\/wp\/v2\/posts\/3869","targetHints":{"allow":["GET"]}}],"collection":[{"href":"https:\/\/lleidacf.cat\/es\/wp-json\/wp\/v2\/posts"}],"about":[{"href":"https:\/\/lleidacf.cat\/es\/wp-json\/wp\/v2\/types\/post"}],"author":[{"embeddable":true,"href":"https:\/\/lleidacf.cat\/es\/wp-json\/wp\/v2\/users\/6"}],"replies":[{"embeddable":true,"href":"https:\/\/lleidacf.cat\/es\/wp-json\/wp\/v2\/comments?post=3869"}],"version-history":[{"count":0,"href":"https:\/\/lleidacf.cat\/es\/wp-json\/wp\/v2\/posts\/3869\/revisions"}],"wp:featuredmedia":[{"embeddable":true,"href":"https:\/\/lleidacf.cat\/es\/wp-json\/wp\/v2\/media\/3871"}],"wp:attachment":[{"href":"https:\/\/lleidacf.cat\/es\/wp-json\/wp\/v2\/media?parent=3869"}],"wp:term":[{"taxonomy":"category","embeddable":true,"href":"https:\/\/lleidacf.cat\/es\/wp-json\/wp\/v2\/categories?post=3869"},{"taxonomy":"post_tag","embeddable":true,"href":"https:\/\/lleidacf.cat\/es\/wp-json\/wp\/v2\/tags?post=3869"},{"taxonomy":"temporada","embeddable":true,"href":"https:\/\/lleidacf.cat\/es\/wp-json\/wp\/v2\/temporada?post=3869"},{"taxonomy":"club","embeddable":true,"href":"https:\/\/lleidacf.cat\/es\/wp-json\/wp\/v2\/club?post=3869"}],"curies":[{"name":"wp","href":"https:\/\/api.w.org\/{rel}","templated":true}]}}