{"id":3887,"date":"2023-10-20T10:32:09","date_gmt":"2023-10-20T08:32:09","guid":{"rendered":"https:\/\/lleidaesportiu.futbol\/?p=3887"},"modified":"2023-11-17T14:54:27","modified_gmt":"2023-11-17T13:54:27","slug":"la-lluita-contra-el-cancer-es-cosa-de-tots","status":"publish","type":"post","link":"https:\/\/lleidacf.cat\/es\/la-lluita-contra-el-cancer-es-cosa-de-tots\/","title":{"rendered":"La lluita contra el c\u00e0ncer \u00e9s cosa de tots"},"content":{"rendered":"<p>El Lleida Esportiu s&#8217;ha afegit als actes de conscienciaci\u00f3 i solidaritat amb motiu de la commemoraci\u00f3, el dia 19 d&#8217;octubre, del Dia Mundial contra el c\u00e0ncer de mama.  <\/p>\n\n\n\n<p>L&#8217;equip blau s&#8217;ha vestit de rosa lluint les samarretes de Contra el c\u00e0ncer Lleida, entitat que ser\u00e0 protagonista en el pr\u00f2xim partit al Camp d&#8217;Esports contra el VCF Mestalla gr\u00e0cies a la iniciativa dels Gols Solidaris: per cada gol que marqui el nostre equip, el club donar\u00e0 a l&#8217;associaci\u00f3 150 euros.  <\/p>\n\n\n\n<p>Solidaritza&#8217;t amb la causa; el rosa \u00e9s m\u00e9s que un color!!!<\/p>","protected":false},"excerpt":{"rendered":"<p>El Lleida Esportiu s&#8217;ha afegit als actes de conscienciaci\u00f3 i solidaritat amb motiu de la commemoraci\u00f3, el dia 19 d&#8217;octubre,&#8230;<\/p>","protected":false},"author":6,"featured_media":3888,"comment_status":"closed","ping_status":"open","sticky":false,"template":"","format":"standard","meta":{"footnotes":""},"categories":[36],"tags":[],"temporada":[69],"club":[23],"class_list":["post-3887","post","type-post","status-publish","format-standard","has-post-thumbnail","hentry","category-noticies","temporada-2023-2024","club-lleida-esportiu"],"_links":{"self":[{"href":"https:\/\/lleidacf.cat\/es\/wp-json\/wp\/v2\/posts\/3887","targetHints":{"allow":["GET"]}}],"collection":[{"href":"https:\/\/lleidacf.cat\/es\/wp-json\/wp\/v2\/posts"}],"about":[{"href":"https:\/\/lleidacf.cat\/es\/wp-json\/wp\/v2\/types\/post"}],"author":[{"embeddable":true,"href":"https:\/\/lleidacf.cat\/es\/wp-json\/wp\/v2\/users\/6"}],"replies":[{"embeddable":true,"href":"https:\/\/lleidacf.cat\/es\/wp-json\/wp\/v2\/comments?post=3887"}],"version-history":[{"count":0,"href":"https:\/\/lleidacf.cat\/es\/wp-json\/wp\/v2\/posts\/3887\/revisions"}],"wp:featuredmedia":[{"embeddable":true,"href":"https:\/\/lleidacf.cat\/es\/wp-json\/wp\/v2\/media\/3888"}],"wp:attachment":[{"href":"https:\/\/lleidacf.cat\/es\/wp-json\/wp\/v2\/media?parent=3887"}],"wp:term":[{"taxonomy":"category","embeddable":true,"href":"https:\/\/lleidacf.cat\/es\/wp-json\/wp\/v2\/categories?post=3887"},{"taxonomy":"post_tag","embeddable":true,"href":"https:\/\/lleidacf.cat\/es\/wp-json\/wp\/v2\/tags?post=3887"},{"taxonomy":"temporada","embeddable":true,"href":"https:\/\/lleidacf.cat\/es\/wp-json\/wp\/v2\/temporada?post=3887"},{"taxonomy":"club","embeddable":true,"href":"https:\/\/lleidacf.cat\/es\/wp-json\/wp\/v2\/club?post=3887"}],"curies":[{"name":"wp","href":"https:\/\/api.w.org\/{rel}","templated":true}]}}