{"id":3891,"date":"2023-10-20T11:53:28","date_gmt":"2023-10-20T09:53:28","guid":{"rendered":"https:\/\/lleidaesportiu.futbol\/?p=3891"},"modified":"2023-11-17T14:54:08","modified_gmt":"2023-11-17T13:54:08","slug":"els-xuts-son-i-seran-sempre-blaus","status":"publish","type":"post","link":"https:\/\/lleidacf.cat\/es\/els-xuts-son-i-seran-sempre-blaus\/","title":{"rendered":"Els Xuts s\u00f3n i seran sempre blaus"},"content":{"rendered":"<p>El president del Lleida Esportiu, Luis Pereira, i Benito Gili, propietari del restaurant Cal Benito i president de la m\u00edtica penya Els Xuts, han mantingut una cordial trobada en la qual tots dos han coincidit en valorar la bona marxa actual del club.<\/p>\n\n\n\n<p>Pereira i Gili han estat conversant sobre col\u00b7laboracions diverses&nbsp;adre\u00e7ades a continuar recuperant el prestigi i la posici\u00f3 de l\u2019hist\u00f2ric grup blau i convertir en realitat els versos que Els Xuts cantaven a la Grada d\u2019Animaci\u00f3:&nbsp;<\/p>\n\n\n\n<p>Quan el Lleida surt al camp, surt un gegant, quan el Lleida surt al camp, surt l&#8217;ess\u00e8ncia del futbol.<\/p>\n\n\n\n<p>Alcem tots les mans, que el Lleida va al davant!<\/p>\n\n\n\n<p>Som del Lleida perqu\u00e8 el Lleida \u00e9s el millor; som del Lleida perqu\u00e8 el Lleida \u00e9s carrincl\u00f3; som del Lleida perqu\u00e8 Lleida \u00e9s la nostra ciutat.<\/p>\n\n\n\n<p>Quan el nostre Lleida surt al camp, ja surt el gegant!<\/p>\n\n\n\n<p>Campions!<\/p>","protected":false},"excerpt":{"rendered":"<p>El president del Lleida Esportiu, Luis Pereira, i Benito Gili, propietari del restaurant Cal Benito i president de la m\u00edtica&#8230;<\/p>","protected":false},"author":6,"featured_media":3892,"comment_status":"closed","ping_status":"open","sticky":false,"template":"","format":"standard","meta":{"footnotes":""},"categories":[36],"tags":[],"temporada":[69],"club":[23],"class_list":["post-3891","post","type-post","status-publish","format-standard","has-post-thumbnail","hentry","category-noticies","temporada-2023-2024","club-lleida-esportiu"],"_links":{"self":[{"href":"https:\/\/lleidacf.cat\/es\/wp-json\/wp\/v2\/posts\/3891","targetHints":{"allow":["GET"]}}],"collection":[{"href":"https:\/\/lleidacf.cat\/es\/wp-json\/wp\/v2\/posts"}],"about":[{"href":"https:\/\/lleidacf.cat\/es\/wp-json\/wp\/v2\/types\/post"}],"author":[{"embeddable":true,"href":"https:\/\/lleidacf.cat\/es\/wp-json\/wp\/v2\/users\/6"}],"replies":[{"embeddable":true,"href":"https:\/\/lleidacf.cat\/es\/wp-json\/wp\/v2\/comments?post=3891"}],"version-history":[{"count":0,"href":"https:\/\/lleidacf.cat\/es\/wp-json\/wp\/v2\/posts\/3891\/revisions"}],"wp:featuredmedia":[{"embeddable":true,"href":"https:\/\/lleidacf.cat\/es\/wp-json\/wp\/v2\/media\/3892"}],"wp:attachment":[{"href":"https:\/\/lleidacf.cat\/es\/wp-json\/wp\/v2\/media?parent=3891"}],"wp:term":[{"taxonomy":"category","embeddable":true,"href":"https:\/\/lleidacf.cat\/es\/wp-json\/wp\/v2\/categories?post=3891"},{"taxonomy":"post_tag","embeddable":true,"href":"https:\/\/lleidacf.cat\/es\/wp-json\/wp\/v2\/tags?post=3891"},{"taxonomy":"temporada","embeddable":true,"href":"https:\/\/lleidacf.cat\/es\/wp-json\/wp\/v2\/temporada?post=3891"},{"taxonomy":"club","embeddable":true,"href":"https:\/\/lleidacf.cat\/es\/wp-json\/wp\/v2\/club?post=3891"}],"curies":[{"name":"wp","href":"https:\/\/api.w.org\/{rel}","templated":true}]}}